{"id":71622,"date":"2025-10-06T11:35:07","date_gmt":"2025-10-06T17:35:07","guid":{"rendered":"https:\/\/encuentroinformativo.com.mx\/?p=71622"},"modified":"2025-10-06T11:35:07","modified_gmt":"2025-10-06T17:35:07","slug":"denuncian-presunto-acoso-de-docentes-a-estudiantes-de-la-universidad-de-aviacion-de-veracruz","status":"publish","type":"post","link":"https:\/\/encuentroinformativo.com.mx\/?p=71622","title":{"rendered":"Denuncian presunto acoso de docentes a estudiantes de la Universidad de Aviaci\u00f3n de Veracruz"},"content":{"rendered":"<p><strong>Alejandro \u00c1vila<\/strong><\/p>\n<p>Veracruz, Ver.- Hartos de no ser escuchados por el \u00e1rea administrativa, estudiantes de la Universidad de Aviaci\u00f3n de Veracruz se manifestaron la ma\u00f1ana de este lunes 6 de octubre a las afueras del plantel educativo ubicado en el fraccionamiento Virginia.<\/p>\n<p>En primera instancia los quejosos se\u00f1alaron que algunos docentes siguen en redes sociales a las alumnas sin su autorizaci\u00f3n, adem\u00e1s de que fingen encontr\u00e1rselas en la calle para pedirles acompa\u00f1arlas en su ruta.<\/p>\n<p>En ese sentido, pidieron que la escuela investigue a sus docentes pues hasta el momento, aunque an reportado al maestro, no han tenido respuesta.<\/p>\n<p>\u201cHay un maestro que ha tenido confiancitas, igual vimos en clase, estaba proyectando, que est\u00e1 siguiendo a ni\u00f1as\u201d, coment\u00f3.<\/p>\n<p>Otra de las estudiantes coment\u00f3 que recientemente las cambiaron de plantel a uno que a\u00fan se encuentra en obra negra y carece necesario para realizar las pr\u00e1cticas relacionadas con su carrera.<\/p>\n<p>Uno de los principales fallos es uno de los simuladores de vuelo que se encuentra descompuesto, lo que impacta de manera importante en su educaci\u00f3n.<\/p>\n<p>\u201cLlevamos un a\u00f1o dos meses, nos mandaron a un plantel en obras negras en el que no sirve el simulador, no tiene antiderrapantes, ni equipo m\u00e9dico y nosotros tenemos que pagar nuestros materiales\u201d, acusaron.<\/p>\n","protected":false},"excerpt":{"rendered":"<p>Alejandro \u00c1vila Veracruz, Ver.- Hartos de no ser escuchados por el \u00e1rea administrativa, estudiantes de la Universidad de Aviaci\u00f3n de Veracruz se manifestaron la ma\u00f1ana de este lunes 6 de octubre a las afueras del plantel educativo ubicado en el fraccionamiento Virginia. En primera instancia los quejosos se\u00f1alaron que algunos docentes siguen en redes sociales [&hellip;]<\/p>\n","protected":false},"author":2476,"featured_media":71623,"comment_status":"open","ping_status":"open","sticky":false,"template":"","format":"standard","meta":{"_jetpack_memberships_contains_paid_content":false,"footnotes":""},"categories":[2],"tags":[],"class_list":["post-71622","post","type-post","status-publish","format-standard","has-post-thumbnail","hentry","category-estado"],"jetpack_featured_media_url":"https:\/\/encuentroinformativo.com.mx\/wp-content\/uploads\/2025\/10\/IMG-20251006-WA0063.jpg","jetpack_sharing_enabled":true,"jetpack_likes_enabled":true,"amp_enabled":true,"_links":{"self":[{"href":"https:\/\/encuentroinformativo.com.mx\/index.php?rest_route=\/wp\/v2\/posts\/71622","targetHints":{"allow":["GET"]}}],"collection":[{"href":"https:\/\/encuentroinformativo.com.mx\/index.php?rest_route=\/wp\/v2\/posts"}],"about":[{"href":"https:\/\/encuentroinformativo.com.mx\/index.php?rest_route=\/wp\/v2\/types\/post"}],"author":[{"embeddable":true,"href":"https:\/\/encuentroinformativo.com.mx\/index.php?rest_route=\/wp\/v2\/users\/2476"}],"replies":[{"embeddable":true,"href":"https:\/\/encuentroinformativo.com.mx\/index.php?rest_route=%2Fwp%2Fv2%2Fcomments&post=71622"}],"version-history":[{"count":1,"href":"https:\/\/encuentroinformativo.com.mx\/index.php?rest_route=\/wp\/v2\/posts\/71622\/revisions"}],"predecessor-version":[{"id":71624,"href":"https:\/\/encuentroinformativo.com.mx\/index.php?rest_route=\/wp\/v2\/posts\/71622\/revisions\/71624"}],"wp:featuredmedia":[{"embeddable":true,"href":"https:\/\/encuentroinformativo.com.mx\/index.php?rest_route=\/wp\/v2\/media\/71623"}],"wp:attachment":[{"href":"https:\/\/encuentroinformativo.com.mx\/index.php?rest_route=%2Fwp%2Fv2%2Fmedia&parent=71622"}],"wp:term":[{"taxonomy":"category","embeddable":true,"href":"https:\/\/encuentroinformativo.com.mx\/index.php?rest_route=%2Fwp%2Fv2%2Fcategories&post=71622"},{"taxonomy":"post_tag","embeddable":true,"href":"https:\/\/encuentroinformativo.com.mx\/index.php?rest_route=%2Fwp%2Fv2%2Ftags&post=71622"}],"curies":[{"name":"wp","href":"https:\/\/api.w.org\/{rel}","templated":true}]}}