{"id":71627,"date":"2025-10-06T12:27:37","date_gmt":"2025-10-06T18:27:37","guid":{"rendered":"https:\/\/encuentroinformativo.com.mx\/?p=71627"},"modified":"2025-10-06T12:27:37","modified_gmt":"2025-10-06T18:27:37","slug":"intensifican-operativos-de-seguridad-en-la-zona-norte-afirma-pozos","status":"publish","type":"post","link":"https:\/\/encuentroinformativo.com.mx\/?p=71627","title":{"rendered":"Intensifican operativos de seguridad en la zona norte, afirma Pozos"},"content":{"rendered":"<p><strong>Dar\u00edo Pale<\/strong><\/p>\n<p>Xalapa, Ver.- La situaci\u00f3n de seguridad en la regi\u00f3n de Tuxpan y otros municipios de Veracruz sigue siendo un tema de preocupaci\u00f3n, luego de que se reportaron explosiones en la zona, as\u00ed lo dio a conocer el subsecretario de gobierno Jos\u00e9 Manuel Pozos Castro.<\/p>\n<p>El gobierno estatal ha desplegado operativos de seguridad para atender la situaci\u00f3n y garantizar la tranquilidad de los ciudadanos.<\/p>\n<p>El gobierno estatal ha informado que se est\u00e1n llevando a cabo acciones conjuntas con los tres niveles de gobierno para abordar la situaci\u00f3n de seguridad en la regi\u00f3n.<\/p>\n<p>\u201cSe est\u00e1 atendiendo todo el sistema de seguridad, y se est\u00e1n llevando a cabo operativos de manera permanente en toda la zona\u201d, coment\u00f3.<\/p>\n<p>Se ha instruido a las fuerzas de seguridad para que refuercen los operativos y garanticen la seguridad de la poblaci\u00f3n.<\/p>\n<p>Los ciudadanos est\u00e1n preocupados por la situaci\u00f3n de seguridad en la regi\u00f3n y exigen que se tomen medidas efectivas para garantizar su seguridad.<\/p>\n<p>\u201cYo no es el tema, pero debe haber avances que corresponde a la Secretar\u00eda de Seguridad P\u00fablica\u201d, se\u00f1al\u00f3.<\/p>\n<p>La falta de avances en la investigaci\u00f3n y la atenci\u00f3n a las demandas ciudadanas ha generado descontento y frustraci\u00f3n en la poblaci\u00f3n.<\/p>\n<p>En Xalapa, sobre un grupo de personas que se manifest\u00f3 y bloque\u00f3 el centro de la ciudad para exigir atenci\u00f3n a sus demandas y fueron desalojados.<\/p>\n<p>\u201cHay por instrucciones de la gobernadora acciones que se est\u00e1n llevando a cabo con los tres niveles de gobierno\u201d, inform\u00f3<\/p>\n<p>El funcionario estatal se\u00f1al\u00f3 que se desconoce el motivo espec\u00edfico del desalojo del grupo de manifestantes, pero que la gobernadora ha instruido que se les atienda y se les brinde una soluci\u00f3n a sus demandas.<\/p>\n<p>Tambi\u00e9n destac\u00f3 que hay presupuesto para atender las demandas ciudadanas y que se trabajar\u00e1 para encontrar una soluci\u00f3n a los problemas que aquejan a la poblaci\u00f3n.<\/p>\n","protected":false},"excerpt":{"rendered":"<p>Dar\u00edo Pale Xalapa, Ver.- La situaci\u00f3n de seguridad en la regi\u00f3n de Tuxpan y otros municipios de Veracruz sigue siendo un tema de preocupaci\u00f3n, luego de que se reportaron explosiones en la zona, as\u00ed lo dio a conocer el subsecretario de gobierno Jos\u00e9 Manuel Pozos Castro. El gobierno estatal ha desplegado operativos de seguridad para [&hellip;]<\/p>\n","protected":false},"author":2476,"featured_media":71628,"comment_status":"open","ping_status":"open","sticky":false,"template":"","format":"standard","meta":{"_jetpack_memberships_contains_paid_content":false,"footnotes":""},"categories":[2],"tags":[],"class_list":["post-71627","post","type-post","status-publish","format-standard","has-post-thumbnail","hentry","category-estado"],"jetpack_featured_media_url":"https:\/\/encuentroinformativo.com.mx\/wp-content\/uploads\/2025\/10\/IMG-20251006-WA01332.jpg","jetpack_sharing_enabled":true,"jetpack_likes_enabled":true,"amp_enabled":true,"_links":{"self":[{"href":"https:\/\/encuentroinformativo.com.mx\/index.php?rest_route=\/wp\/v2\/posts\/71627","targetHints":{"allow":["GET"]}}],"collection":[{"href":"https:\/\/encuentroinformativo.com.mx\/index.php?rest_route=\/wp\/v2\/posts"}],"about":[{"href":"https:\/\/encuentroinformativo.com.mx\/index.php?rest_route=\/wp\/v2\/types\/post"}],"author":[{"embeddable":true,"href":"https:\/\/encuentroinformativo.com.mx\/index.php?rest_route=\/wp\/v2\/users\/2476"}],"replies":[{"embeddable":true,"href":"https:\/\/encuentroinformativo.com.mx\/index.php?rest_route=%2Fwp%2Fv2%2Fcomments&post=71627"}],"version-history":[{"count":1,"href":"https:\/\/encuentroinformativo.com.mx\/index.php?rest_route=\/wp\/v2\/posts\/71627\/revisions"}],"predecessor-version":[{"id":71629,"href":"https:\/\/encuentroinformativo.com.mx\/index.php?rest_route=\/wp\/v2\/posts\/71627\/revisions\/71629"}],"wp:featuredmedia":[{"embeddable":true,"href":"https:\/\/encuentroinformativo.com.mx\/index.php?rest_route=\/wp\/v2\/media\/71628"}],"wp:attachment":[{"href":"https:\/\/encuentroinformativo.com.mx\/index.php?rest_route=%2Fwp%2Fv2%2Fmedia&parent=71627"}],"wp:term":[{"taxonomy":"category","embeddable":true,"href":"https:\/\/encuentroinformativo.com.mx\/index.php?rest_route=%2Fwp%2Fv2%2Fcategories&post=71627"},{"taxonomy":"post_tag","embeddable":true,"href":"https:\/\/encuentroinformativo.com.mx\/index.php?rest_route=%2Fwp%2Fv2%2Ftags&post=71627"}],"curies":[{"name":"wp","href":"https:\/\/api.w.org\/{rel}","templated":true}]}}