{"id":71630,"date":"2025-10-06T14:01:45","date_gmt":"2025-10-06T20:01:45","guid":{"rendered":"https:\/\/encuentroinformativo.com.mx\/?p=71630"},"modified":"2025-10-06T14:01:45","modified_gmt":"2025-10-06T20:01:45","slug":"prepara-naolinco-festival-del-cempasuchil","status":"publish","type":"post","link":"https:\/\/encuentroinformativo.com.mx\/?p=71630","title":{"rendered":"Prepara Naolinco Festival del Cempas\u00fachil"},"content":{"rendered":"<p><strong>Dar\u00edo Pale<\/strong><\/p>\n<p>Xalapa, Ver.- La comunidad de San Pablo, Coapan, en el municipio de Naolinco, se prepara para celebrar su cuarta edici\u00f3n del Festival del Cempas\u00fachil, que se llevar\u00e1 a cabo del 18 de octubre al 2 de noviembre.<\/p>\n<p>Arturo Escobar Tapia de la Jefatura de Turismo de Naolinco junto con el Comit\u00e9 de Cempas\u00fachil de San Pablo Coapan dio a conocer que el festival busca promover la flor de cempas\u00fachil, tradicional en la regi\u00f3n, y ofrecer una experiencia cultural y tur\u00edstica \u00fanica a los visitantes.<\/p>\n<p>El festival contar\u00e1 con visitas guiadas a los campos de cempas\u00fachil, donde los visitantes podr\u00e1n admirar la belleza de esta flor tradicional, tambi\u00e9n habr\u00e1 un mercado local donde se podr\u00e1n adquirir productos elaborados por la comunidad, como artesan\u00edas y comida t\u00edpica.<\/p>\n<p>&#8220;Arrancamos el fin de semana con algunas visitas a los campos de cempas\u00fachil, son aproximadamente 11 hect\u00e1reas para visita y para quienes desean adquirir la flor&#8221;, se\u00f1al\u00f3.<\/p>\n<p>Adem\u00e1s, se realizar\u00e1n actividades culturales y de entretenimiento, como teatro, m\u00fasica y danza, en diferentes locaciones de la comunidad.<\/p>\n<p>&#8220;Habr\u00e1 actividades de teatro en el cementerio de San Pablo y la tradicional caminata nocturna al Templo de Santa Mar\u00eda Magdalena&#8221;, coment\u00f3.<\/p>\n<p>El festival ha generado un impacto positivo en la comunidad, ya que ha incrementado la demanda de la flor de cempas\u00fachil y ha generado empleo e ingresos para los productores locales.<\/p>\n<p>Tambi\u00e9n ha ayudado a preservar la tradici\u00f3n y la cultura de la comunidad, al promover la siembra y la venta de la flor de cempas\u00fachil.<\/p>\n<p>Los organizadores del festival esperan recibir a miles de visitantes durante los d\u00edas del evento, con una expectativa de 7,000 personas solo para el primer fin de semana, se espera que el festival sea un \u00e9xito y que contribuya a posicionar a San Pablo como un destino tur\u00edstico y cultural importante en la regi\u00f3n.<\/p>\n<p>Los productores de la comunidad han estado trabajando arduamente para preparar la flor de cempas\u00fachil para el festival, con alrededor de 40 productores involucrados en la siembra y venta de la flor.<\/p>\n<p>Tambi\u00e9n habr\u00e1 artesanos y vendedores de comida y otros productos locales que ofrecer\u00e1n sus productos durante el festival.<\/p>\n<p>Santos Sosa, integrante del comit\u00e9 invit\u00f3 a visitar las plantaciones, cuya producci\u00f3n alcanza hasta 12 hect\u00e1reas.<\/p>\n<p>\u201cSon de unas 12 hect\u00e1reas m\u00e1s o menos, los que est\u00e1n sembradas. Algunos son demostrativas, se puede decir, que los decoran y otros son igual que son para pura venta\u201d, inform\u00f3.<\/p>\n<p>La flor se vende por rollo y el precio oscila entre los 50 y 60 pesos y el n\u00famero de los productores ha crecido y hay alrededor de 40 que se dedican al cultivo de la flor.<\/p>\n<p>Finalmente coment\u00f3 que, \u201cel rollo ha estado alrededor de 50, 60 pesos m\u00e1s o menos, el n\u00famero de productores ha crecido un poco m\u00e1s de todos, de hecho hay gente de varias generaciones que ya est\u00e1n igual sembrando la flor, \u00bfC\u00f3mo cuantos productores hay ahorita?, ahorita ha de haber como unos 40 m\u00e1s o menos productores\u201d.<\/p>\n<p>&nbsp;<\/p>\n","protected":false},"excerpt":{"rendered":"<p>Dar\u00edo Pale Xalapa, Ver.- La comunidad de San Pablo, Coapan, en el municipio de Naolinco, se prepara para celebrar su cuarta edici\u00f3n del Festival del Cempas\u00fachil, que se llevar\u00e1 a cabo del 18 de octubre al 2 de noviembre. Arturo Escobar Tapia de la Jefatura de Turismo de Naolinco junto con el Comit\u00e9 de Cempas\u00fachil [&hellip;]<\/p>\n","protected":false},"author":2476,"featured_media":71631,"comment_status":"open","ping_status":"open","sticky":false,"template":"","format":"standard","meta":{"_jetpack_memberships_contains_paid_content":false,"footnotes":""},"categories":[8],"tags":[],"class_list":["post-71630","post","type-post","status-publish","format-standard","has-post-thumbnail","hentry","category-region"],"jetpack_featured_media_url":"https:\/\/encuentroinformativo.com.mx\/wp-content\/uploads\/2025\/10\/IMG-20251006-WA0173.jpg","jetpack_sharing_enabled":true,"jetpack_likes_enabled":true,"amp_enabled":true,"_links":{"self":[{"href":"https:\/\/encuentroinformativo.com.mx\/index.php?rest_route=\/wp\/v2\/posts\/71630","targetHints":{"allow":["GET"]}}],"collection":[{"href":"https:\/\/encuentroinformativo.com.mx\/index.php?rest_route=\/wp\/v2\/posts"}],"about":[{"href":"https:\/\/encuentroinformativo.com.mx\/index.php?rest_route=\/wp\/v2\/types\/post"}],"author":[{"embeddable":true,"href":"https:\/\/encuentroinformativo.com.mx\/index.php?rest_route=\/wp\/v2\/users\/2476"}],"replies":[{"embeddable":true,"href":"https:\/\/encuentroinformativo.com.mx\/index.php?rest_route=%2Fwp%2Fv2%2Fcomments&post=71630"}],"version-history":[{"count":1,"href":"https:\/\/encuentroinformativo.com.mx\/index.php?rest_route=\/wp\/v2\/posts\/71630\/revisions"}],"predecessor-version":[{"id":71632,"href":"https:\/\/encuentroinformativo.com.mx\/index.php?rest_route=\/wp\/v2\/posts\/71630\/revisions\/71632"}],"wp:featuredmedia":[{"embeddable":true,"href":"https:\/\/encuentroinformativo.com.mx\/index.php?rest_route=\/wp\/v2\/media\/71631"}],"wp:attachment":[{"href":"https:\/\/encuentroinformativo.com.mx\/index.php?rest_route=%2Fwp%2Fv2%2Fmedia&parent=71630"}],"wp:term":[{"taxonomy":"category","embeddable":true,"href":"https:\/\/encuentroinformativo.com.mx\/index.php?rest_route=%2Fwp%2Fv2%2Fcategories&post=71630"},{"taxonomy":"post_tag","embeddable":true,"href":"https:\/\/encuentroinformativo.com.mx\/index.php?rest_route=%2Fwp%2Fv2%2Ftags&post=71630"}],"curies":[{"name":"wp","href":"https:\/\/api.w.org\/{rel}","templated":true}]}}