{"id":71644,"date":"2025-10-06T16:20:03","date_gmt":"2025-10-06T22:20:03","guid":{"rendered":"https:\/\/encuentroinformativo.com.mx\/?p=71644"},"modified":"2025-10-06T16:20:03","modified_gmt":"2025-10-06T22:20:03","slug":"sin-autodefensas-en-oteapan-insiste-gobernadora","status":"publish","type":"post","link":"https:\/\/encuentroinformativo.com.mx\/?p=71644","title":{"rendered":"Sin autodefensas en Oteapan, insiste Gobernadora"},"content":{"rendered":"<p><strong>Dar\u00edo Pale<\/strong><\/p>\n<p>Xalapa, Ver.- La gobernadora de Veracruz, Norma Roc\u00edo Nahle Garc\u00eda, neg\u00f3 que haya un grupo de autodefensa en el sur de Veracruz, espec\u00edficamente en el municipio de Oteapan.<\/p>\n<p>La mandataria estatal asegur\u00f3 que se trata de una comunidad que se organiza para su propia seguridad, pero que no existe problema alguno.<\/p>\n<p>La gobernadora destac\u00f3 que la comunidad de Oteapan es conocida por su organizaci\u00f3n y que no hay motivo de preocupaci\u00f3n, sin embargo, habitantes de la zona han reportado que un grupo de polic\u00edas comunitarios se reactiv\u00f3 en septiembre pasado debido a la creciente ola de robos y extorsiones en la regi\u00f3n.<\/p>\n<p>&#8220;Es una comunidad que se organiza pero no hay problema ah\u00ed. La zona la conozco muy bien, tiene muchos a\u00f1os, es una comunidad que se organiza, pero no hay problema&#8221;, coment\u00f3.<\/p>\n<p>Lo anterior se debe a que se dio a conocer que un grupo de polic\u00edas comunitarios se reactiv\u00f3 en el municipio de Oteapan, en el sur del estado.<\/p>\n<p>De acuerdo con habitantes, la movilizaci\u00f3n estuvo suspendida desde hace tres a\u00f1os y en septiembre de este a\u00f1o, nuevamente se levantaron en armas debido a que los robos y las extorsiones van al alza.<\/p>\n<p>En cuanto a la SEV, La gobernadora tambi\u00e9n se refiri\u00f3 a la Secretar\u00eda de Educaci\u00f3n, destacando que la titular, Claudia Tello Espinosa, es una &#8220;excelente&#8221; funcionaria que est\u00e1 haciendo un gran trabajo, por lo que rechaz\u00f3 las voces que piden la remoci\u00f3n de Tello Espinosa, asegurando que es una persona capaz y comprometida con la educaci\u00f3n en Veracruz.<\/p>\n<p>&#8220;Claudia Tello es excelente secretaria, me ayuda much\u00edsimo es de lo mejor, es nuestra senadora de Veracruz que le pedimos que pidiera licencia para que nos viniera a ayudar y est\u00e1 haciendo un gran trabajo. Es la secretaria m\u00e1s grande, m\u00e1s fuerte que tenemos en n\u00famero de empleados y estamos trabajando con ellos&#8221;, se\u00f1al\u00f3.<\/p>\n<p>En otro orden de ideas inform\u00f3 que en Veracruz se han bloqueado mil 550 l\u00edneas telef\u00f3nicas relacionadas con extorsiones, pidi\u00f3 a la poblaci\u00f3n que denuncie cualquier llamada sospechosa a trav\u00e9s de las l\u00edneas de emergencia 089 o 911.<\/p>\n<p>El domingo 4 de octubre, el colectivo Nido Estudiantil UV difundi\u00f3 en redes sociales un comunicado donde alert\u00f3 sobre llamadas telef\u00f3nicas que han recibido en los \u00faltimos d\u00edas estudiantes de distintas facultades.<\/p>\n<p>&#8220;Traemos en toda la Rep\u00fablica un programa que es el 089 o 911 para todo el tema de extorsiones, se atiende la unidad especial contra el secuestro y extorsi\u00f3n. Se han bloqueado mil 550 l\u00edneas en Veracruz por extorsiones&#8221;, dijo en conferencia.<\/p>\n<p>La gobernadora destac\u00f3 que la empresa responsable de las obras de remodelaci\u00f3n y ampliaci\u00f3n del Aquarium de Veracruz tendr\u00e1 que responder y reparar los da\u00f1os detectados, debido a que el \u00d3rgano de Fiscalizaci\u00f3n Superior (Orfis) detect\u00f3 un presunto da\u00f1o patrimonial por 81 millones 381 mil pesos en la obra.<\/p>\n<p>Indic\u00f3 que el procurador de Medio Ambiente, \u00c1ngel Carrizales L\u00f3pez, convoc\u00f3 a la empresa para que atienda los errores en la obra.<\/p>\n<p>\u201cEl procurador llam\u00f3 a la empresa que hizo los trabajos porque debe tener la garant\u00eda para que arregle, ya se le llam\u00f3 a la empresa para que se subsane todo lo que dej\u00f3 ah\u00ed porque se le pag\u00f3 todo\u201d, inform\u00f3.<\/p>\n<p>Finalmente rechaz\u00f3 que los trabajos de reparaci\u00f3n en el Aquarium tengan que ser absorbidos por su administraci\u00f3n estatal.<\/p>\n","protected":false},"excerpt":{"rendered":"<p>Dar\u00edo Pale Xalapa, Ver.- La gobernadora de Veracruz, Norma Roc\u00edo Nahle Garc\u00eda, neg\u00f3 que haya un grupo de autodefensa en el sur de Veracruz, espec\u00edficamente en el municipio de Oteapan. La mandataria estatal asegur\u00f3 que se trata de una comunidad que se organiza para su propia seguridad, pero que no existe problema alguno. La gobernadora [&hellip;]<\/p>\n","protected":false},"author":2476,"featured_media":71645,"comment_status":"open","ping_status":"open","sticky":false,"template":"","format":"standard","meta":{"_jetpack_memberships_contains_paid_content":false,"footnotes":""},"categories":[2],"tags":[],"class_list":["post-71644","post","type-post","status-publish","format-standard","has-post-thumbnail","hentry","category-estado"],"jetpack_featured_media_url":"https:\/\/encuentroinformativo.com.mx\/wp-content\/uploads\/2025\/10\/IMG-20251006-WA0320-scaled.jpg","jetpack_sharing_enabled":true,"jetpack_likes_enabled":true,"amp_enabled":true,"_links":{"self":[{"href":"https:\/\/encuentroinformativo.com.mx\/index.php?rest_route=\/wp\/v2\/posts\/71644","targetHints":{"allow":["GET"]}}],"collection":[{"href":"https:\/\/encuentroinformativo.com.mx\/index.php?rest_route=\/wp\/v2\/posts"}],"about":[{"href":"https:\/\/encuentroinformativo.com.mx\/index.php?rest_route=\/wp\/v2\/types\/post"}],"author":[{"embeddable":true,"href":"https:\/\/encuentroinformativo.com.mx\/index.php?rest_route=\/wp\/v2\/users\/2476"}],"replies":[{"embeddable":true,"href":"https:\/\/encuentroinformativo.com.mx\/index.php?rest_route=%2Fwp%2Fv2%2Fcomments&post=71644"}],"version-history":[{"count":1,"href":"https:\/\/encuentroinformativo.com.mx\/index.php?rest_route=\/wp\/v2\/posts\/71644\/revisions"}],"predecessor-version":[{"id":71646,"href":"https:\/\/encuentroinformativo.com.mx\/index.php?rest_route=\/wp\/v2\/posts\/71644\/revisions\/71646"}],"wp:featuredmedia":[{"embeddable":true,"href":"https:\/\/encuentroinformativo.com.mx\/index.php?rest_route=\/wp\/v2\/media\/71645"}],"wp:attachment":[{"href":"https:\/\/encuentroinformativo.com.mx\/index.php?rest_route=%2Fwp%2Fv2%2Fmedia&parent=71644"}],"wp:term":[{"taxonomy":"category","embeddable":true,"href":"https:\/\/encuentroinformativo.com.mx\/index.php?rest_route=%2Fwp%2Fv2%2Fcategories&post=71644"},{"taxonomy":"post_tag","embeddable":true,"href":"https:\/\/encuentroinformativo.com.mx\/index.php?rest_route=%2Fwp%2Fv2%2Ftags&post=71644"}],"curies":[{"name":"wp","href":"https:\/\/api.w.org\/{rel}","templated":true}]}}