{"id":71658,"date":"2025-10-06T22:08:02","date_gmt":"2025-10-07T04:08:02","guid":{"rendered":"https:\/\/encuentroinformativo.com.mx\/?p=71658"},"modified":"2025-10-06T22:08:02","modified_gmt":"2025-10-07T04:08:02","slug":"uv-albergo-foro-sobre-delitos-en-contra-de-infantes-y-adolescentes-en-la-red","status":"publish","type":"post","link":"https:\/\/encuentroinformativo.com.mx\/?p=71658","title":{"rendered":"UV alberg\u00f3 foro sobre delitos en contra de infantes y adolescentes en la red"},"content":{"rendered":"<p><strong>* Impulsado por esta casa de estudios y CONNECTAS, plataforma period\u00edstica para las Am\u00e9ricas<\/strong><\/p>\n<p><strong>* Expertos compartieron con representantes de medios de comunicaci\u00f3n locales, herramientas para prevenir riesgos digitales para NNA<\/strong><\/p>\n<p><strong>* El rector Mart\u00edn Aguilar S\u00e1nchez destac\u00f3 la importancia de este evento que apuesta por la \u00e9tica y el conocimiento<\/strong><\/p>\n<p><strong>Nuria Mart\u00ednez Cabrera<\/strong><\/p>\n<p><strong>Fotos:<\/strong> Rodolfo de Jes\u00fas P\u00e9rez Carmona<\/p>\n<p>Xalapa, Ver.- Encabezado por la Universidad Veracruzana (UV) y CONNECTAS, plataforma period\u00edstica para las Am\u00e9ricas, se desarroll\u00f3 el #Di\u00e1logoCONNECTAS, un espacio de an\u00e1lisis, reflexi\u00f3n y propuesta en torno a la b\u00fasqueda por minimizar los riesgos que enfrentan ni\u00f1as, ni\u00f1os y adolescentes en la red.<\/p>\n<p>En el marco de la Semana Mundial de la Alfabetizaci\u00f3n Medi\u00e1tica e Informacional de la Organizaci\u00f3n de las Naciones Unidas para la Educaci\u00f3n, la Ciencia y la Cultura (UNESCO), la UV fue anfitriona del foro que re\u00fane en tres paneles a expertos de la sociedad civil, el periodismo y la academia para conversar sobre los delitos que se cometen contra ni\u00f1as, ni\u00f1os y adolescentes (NNA) a trav\u00e9s de internet en M\u00e9xico, Guatemala y Colombia<\/p>\n<p>Al dar la bienvenida a los asistentes, en la sala de videoconferencias de la Unidad de Servicios Bibliotecarios y de Informaci\u00f3n (USBI), el rector Mart\u00edn Aguilar S\u00e1nchez resalt\u00f3 que actualmente vivimos en una era digital que nos conecta a todas y todos, pero que tambi\u00e9n plantea nuevas amenazas como el ciberacoso, el grooming, entre otros. \u201cLos delincuentes han migrado al ciberespacio, y sus v\u00edctimas m\u00e1s vulnerables son los menores de edad\u201d, lament\u00f3.<\/p>\n<p><img loading=\"lazy\" decoding=\"async\" class=\"size-medium wp-image-71661 aligncenter\" src=\"https:\/\/encuentroinformativo.com.mx\/wp-content\/uploads\/2025\/10\/061025-UV-Y-CONNECTAS-2-100k2-300x200.jpg\" alt=\"\" width=\"300\" height=\"200\" srcset=\"https:\/\/encuentroinformativo.com.mx\/wp-content\/uploads\/2025\/10\/061025-UV-Y-CONNECTAS-2-100k2-300x200.jpg 300w, https:\/\/encuentroinformativo.com.mx\/wp-content\/uploads\/2025\/10\/061025-UV-Y-CONNECTAS-2-100k2.jpg 722w\" sizes=\"auto, (max-width: 300px) 100vw, 300px\" \/><\/p>\n<p>En ese sentido, enfatiz\u00f3 que no s\u00f3lo estamos ante problemas en l\u00ednea, sino que todo lo anterior tiene consecuencias directas en la salud mental, emocional y f\u00edsica de las v\u00edctimas, por lo que proteger a las y los NNA es una responsabilidad colectiva.<\/p>\n<p>\u201cPor eso tambi\u00e9n est\u00e1n presentes las y los estudiantes de la Ingenier\u00eda de Ciberseguridad e Infraestructura de C\u00f3mputo y la licenciatura en Ciencias y T\u00e9cnicas de la Comunicaci\u00f3n, para que consideren cu\u00e1l ser\u00e1 su aporte con la sociedad\u201d, expuso.<\/p>\n<p>El Rector afirm\u00f3 que, con este tipo de eventos y en asociaci\u00f3n con periodistas y las autoridades, la UV apuesta por fomentar la racionalidad, la ciencia, la \u00e9tica y la transmisi\u00f3n del conocimiento para enfrentar de manera exitosa las trampas cibern\u00e9ticas.<\/p>\n<p>\u201cDeseo que los conocimientos vertidos en este evento les hayan servido para coadyuvar y tener un estado y un pa\u00eds m\u00e1s seguro en el manejo de las redes sociales. Estoy convencido de que la tecnolog\u00eda no es la enemiga, pero s\u00ed la ignorancia y el silencio, por ello, aportemos para que las infancias no caigan en la cibertrampa\u201d, expres\u00f3.<\/p>\n<p>En los paneles participaron Araceli Gonz\u00e1lez Saavedra, integrante de Equifon\u00eda A.C.; Juan Carlos P\u00e9rez Arriaga, profesor de la Facultad de Estad\u00edstica e Inform\u00e1tica de la UV; Katherine Jaramillo, fundadora de Valientes Colombia ONG; y Mercy Esther P\u00e9rez Ar\u00e9valo, titular del Sistema Estatal de Protecci\u00f3n Integral de NNA. La moderaci\u00f3n estuvo a cargo de Carlos Eduardo Huertas, director de CONNECTAS, y de la periodista Ana Luc\u00eda Duque Salazar, de su mesa editorial.<\/p>\n<p>Las y los especialistas coincidieron en la necesidad de reconocer las nuevas formas de abuso y agresi\u00f3n sexual que se manifiestan en los entornos digitales, ya que muchas veces son el punto de partida de delitos f\u00edsicos.<\/p>\n<p>Hicieron un llamado a cuestionar la dependencia hacia los medios digitales, se\u00f1alando que ni\u00f1as, ni\u00f1os y adolescentes con ciertas condiciones sociales y familiares son especialmente vulnerables ante los delitos en l\u00ednea.<\/p>\n<p>Explicaron que las plataformas digitales han modificado los procesos de socializaci\u00f3n, haciendo que muchos NNA interact\u00faen principalmente en espacios virtuales \u2014como los videojuegos\u2014, lo que los convierte en blancos f\u00e1ciles de captaci\u00f3n.<\/p>\n<p>Araceli Gonz\u00e1lez destac\u00f3 que uno de los principales retos es la detecci\u00f3n temprana de los casos, ante familias desinformadas, prejuicios sociales que minimizan la problem\u00e1tica y respuestas institucionales insuficientes.<\/p>\n<p>Por su parte, Juan Carlos P\u00e9rez Arriaga se\u00f1al\u00f3 que en internet \u201ctodos parecemos tener la misma edad\u201d, lo que complica distinguir a potenciales agresores. Enfatiz\u00f3 que la tecnolog\u00eda es s\u00f3lo un medio, y que el riesgo depende del conocimiento y uso que se haga de ella.<\/p>\n<p>\u00abLas y los NNA son considerados nativos digitales, pero en realidad son ingenuos digitales: saben usar la tecnolog\u00eda, pero no conocen sus riesgos\u201d, explic\u00f3.<\/p>\n<p>Subray\u00f3 adem\u00e1s la necesidad de formar profesionales con alta preparaci\u00f3n \u00e9tica y t\u00e9cnica, capaces de atender estas problem\u00e1ticas y de legislar adecuadamente para proteger a las v\u00edctimas.<\/p>\n<p>En tanto, Mercy Esther P\u00e9rez Ar\u00e9valo dijo que, desde el Gobierno de Veracruz, se trabaja en la estrategia \u201cVeracruz Protector de las NNA\u201d, que busca conformar entornos protectores, incluido el digital.<\/p>\n<p>\u00abContamos con una Comisi\u00f3n de Tecnolog\u00edas e Informaci\u00f3n para NNA que busca establecer acuerdos para la atenci\u00f3n y restituci\u00f3n de derechos\u201d, puntualiz\u00f3.<\/p>\n<p>El encuentro se desarroll\u00f3 al concluir el Taller para periodistas \u201cCiber trampa: Entender y prevenir los delitos digitales contra menores de edad\u201d dirigido a representantes de medios locales de comunicaci\u00f3n de la entidad.<\/p>\n<p><img loading=\"lazy\" decoding=\"async\" class=\"aligncenter size-medium wp-image-71659\" src=\"https:\/\/encuentroinformativo.com.mx\/wp-content\/uploads\/2025\/10\/061025-UV-Y-CONNECTAS-5-100k2-300x200.jpg\" alt=\"\" width=\"300\" height=\"200\" srcset=\"https:\/\/encuentroinformativo.com.mx\/wp-content\/uploads\/2025\/10\/061025-UV-Y-CONNECTAS-5-100k2-300x200.jpg 300w, https:\/\/encuentroinformativo.com.mx\/wp-content\/uploads\/2025\/10\/061025-UV-Y-CONNECTAS-5-100k2.jpg 722w\" sizes=\"auto, (max-width: 300px) 100vw, 300px\" \/><\/p>\n","protected":false},"excerpt":{"rendered":"<p>* Impulsado por esta casa de estudios y CONNECTAS, plataforma period\u00edstica para las Am\u00e9ricas * Expertos compartieron con representantes de medios de comunicaci\u00f3n locales, herramientas para prevenir riesgos digitales para NNA * El rector Mart\u00edn Aguilar S\u00e1nchez destac\u00f3 la importancia de este evento que apuesta por la \u00e9tica y el conocimiento Nuria Mart\u00ednez Cabrera Fotos: [&hellip;]<\/p>\n","protected":false},"author":2476,"featured_media":71660,"comment_status":"open","ping_status":"open","sticky":false,"template":"","format":"standard","meta":{"_jetpack_memberships_contains_paid_content":false,"footnotes":""},"categories":[2],"tags":[],"class_list":["post-71658","post","type-post","status-publish","format-standard","has-post-thumbnail","hentry","category-estado"],"jetpack_featured_media_url":"https:\/\/encuentroinformativo.com.mx\/wp-content\/uploads\/2025\/10\/061025-UV-Y-CONNECTAS-1-100k2.jpg","jetpack_sharing_enabled":true,"jetpack_likes_enabled":true,"amp_enabled":true,"_links":{"self":[{"href":"https:\/\/encuentroinformativo.com.mx\/index.php?rest_route=\/wp\/v2\/posts\/71658","targetHints":{"allow":["GET"]}}],"collection":[{"href":"https:\/\/encuentroinformativo.com.mx\/index.php?rest_route=\/wp\/v2\/posts"}],"about":[{"href":"https:\/\/encuentroinformativo.com.mx\/index.php?rest_route=\/wp\/v2\/types\/post"}],"author":[{"embeddable":true,"href":"https:\/\/encuentroinformativo.com.mx\/index.php?rest_route=\/wp\/v2\/users\/2476"}],"replies":[{"embeddable":true,"href":"https:\/\/encuentroinformativo.com.mx\/index.php?rest_route=%2Fwp%2Fv2%2Fcomments&post=71658"}],"version-history":[{"count":2,"href":"https:\/\/encuentroinformativo.com.mx\/index.php?rest_route=\/wp\/v2\/posts\/71658\/revisions"}],"predecessor-version":[{"id":71663,"href":"https:\/\/encuentroinformativo.com.mx\/index.php?rest_route=\/wp\/v2\/posts\/71658\/revisions\/71663"}],"wp:featuredmedia":[{"embeddable":true,"href":"https:\/\/encuentroinformativo.com.mx\/index.php?rest_route=\/wp\/v2\/media\/71660"}],"wp:attachment":[{"href":"https:\/\/encuentroinformativo.com.mx\/index.php?rest_route=%2Fwp%2Fv2%2Fmedia&parent=71658"}],"wp:term":[{"taxonomy":"category","embeddable":true,"href":"https:\/\/encuentroinformativo.com.mx\/index.php?rest_route=%2Fwp%2Fv2%2Fcategories&post=71658"},{"taxonomy":"post_tag","embeddable":true,"href":"https:\/\/encuentroinformativo.com.mx\/index.php?rest_route=%2Fwp%2Fv2%2Ftags&post=71658"}],"curies":[{"name":"wp","href":"https:\/\/api.w.org\/{rel}","templated":true}]}}