{"id":71668,"date":"2025-10-07T09:29:18","date_gmt":"2025-10-07T15:29:18","guid":{"rendered":"https:\/\/encuentroinformativo.com.mx\/?p=71668"},"modified":"2025-10-07T09:29:18","modified_gmt":"2025-10-07T15:29:18","slug":"trabajadores-piden-destitucion-del-director-del-hospital-civil","status":"publish","type":"post","link":"https:\/\/encuentroinformativo.com.mx\/?p=71668","title":{"rendered":"Trabajadores piden destituci\u00f3n del director del Hospital Civil"},"content":{"rendered":"<p><strong>* Reclaman pago de uniformes y aumento salarial.<\/strong><\/p>\n<p><strong>Dar\u00edo Pale<\/strong><\/p>\n<p>Xalapa, Ver.- Trabajadores del sector salud se manifestaron para exigir mejoras laborales y atenci\u00f3n a sus demandas, que incluyen el pago de uniformes y aumentos salariales, as\u00ed como la destituci\u00f3n inmediata del doctor Antonio V\u00e1squez Garc\u00eda como director del Hospital Regional de Xalapa \u201cDr. Luis F. Nachon\u201d.<\/p>\n<p>La doctora Mar\u00eda Yolanda Gal\u00e1n Luna, representante de capacitaci\u00f3n del sindicato de trabajadores del sector salud secci\u00f3n 26 del centro, asegur\u00f3 que los trabajadores est\u00e1n &#8220;inquietos e inc\u00f3modos&#8221; debido a la falta de respuesta a sus demandas.<\/p>\n<p>\u201cNuestro l\u00edder nacional, nuestro l\u00edder estatal, que es el licenciado Antonio Ortiz Fern\u00e1ndez, est\u00e1 en M\u00e9xico directamente con nuestro l\u00edder nacional, que es el licenciado Marco Antonio Garc\u00eda Ayala, quien respalda nuestro movimiento\u201d, coment\u00f3.<\/p>\n<p>\u201cDespu\u00e9s de di\u00e1logos y di\u00e1logos que se han dado desde el primero de mayo, no s\u00e9 si estuvieron presentes donde se le expres\u00f3 a nuestra se\u00f1ora gobernadora toda la necesidad que ya ven\u00eda imperando de la problem\u00e1tica que tiene el sector salud, hoy por hoy los compa\u00f1eros est\u00e1n bastante inquietos, inc\u00f3modos,\u201d, agreg\u00f3.<\/p>\n<p>Demandan el pago de uniformes y aumentos salariales, los trabajadores exigen que se les pague en efectivo y no en especie, como ha venido sucediendo, al igual que la mejora en las condiciones laborales.<\/p>\n<p>\u201cPorque parece que ya tienen el recurso para el aumento salarial que se va a pagar en la primera quincena de octubre y desgraciadamente no se ha dispersado el recurso, ya debieron haber pagado lo de uniformes y no lo han pagado, a nosotros se nos paga en econ\u00f3mico, porque en especie luego llegan los zapatos grandes, la blusa grande y no nos sirve\u201d, se\u00f1al\u00f3.<\/p>\n<p>Tambi\u00e9n est\u00e1n pidiendo la destituci\u00f3n del director del hospital Nach\u00f3n por su &#8220;incompetencia&#8221; para resolver los problemas del sector salud y por no respetar las comisiones sindicales, al igual que insumos y equipo, el sector salud enfrenta una grave carencia, lo que ha llevado a cerrar quir\u00f3fanos y afectar la atenci\u00f3n a los pacientes.<\/p>\n<p>\u201cHoy por hoy tambi\u00e9n pedimos la destituci\u00f3n del director de aqu\u00ed del hospital Nach\u00f3n por su incompetencia para resolver lo que por ley se marca dentro de las condiciones generales de trabajo, y no ha respetado las comisiones, evidenciando la presencia de nuestro representante aqu\u00ed en el hospital civil y exhibiendo situaciones no propias de un directivo, un directivo debe de tener caracter\u00edsticas de uni\u00f3n, de liderazgo, aqu\u00ed ha habido atropellos\u201d, dijo en entrevista.<\/p>\n<p>Los trabajadores del Hospital Civil han sido humillados y exhibidos por el director, quien ha generado divisiones y problemas dentro del personal, han solicitado una evaluaci\u00f3n de la Comisi\u00f3n de Seguridad e Higiene para verificar las condiciones laborales en el hospital.<\/p>\n<p>\u201cEl licenciado va a solicitar una evaluaci\u00f3n por la Comisi\u00f3n de Seguridad de Higiene, sobre todo en el \u00e1rea de cocina, apoyando a los compa\u00f1eros del hospital civil para que salga a la luz toda esa situaci\u00f3n, y m\u00e1s que eso, el hecho de que se cierren los quir\u00f3fanos por falta de insumos y todo lo dem\u00e1s que ustedes ya saben\u201d, acus\u00f3.<\/p>\n<p>Los trabajadores del sector salud se manifestaron de manera pac\u00edfica y respetuosa para exigir soluciones a sus demandas y mejorar las condiciones laborales, la manifestaci\u00f3n cont\u00f3 con la participaci\u00f3n de trabajadores de diferentes hospitales y unidades de salud de la regi\u00f3n.<\/p>\n<p>Exigen que el gobierno estatal atienda sus demandas y cumpla con los acuerdos establecidos, por lo que solicitan la intervenci\u00f3n de la Secretar\u00eda de Salud federal para resolver la problem\u00e1tica del sector salud en Veracruz.<\/p>\n<p>La doctora Gal\u00e1n Luna asegur\u00f3 que el problema no es con el IMSS-Bienestar, sino con la Secretar\u00eda de Salud del estado (SESVER) y el secretario de Salud, quien se ha cerrado a todo di\u00e1logo.<\/p>\n<p>\u201cF\u00edjense que ahorita el IMSS-Bienestar, a pesar de que fue un arranque muy dif\u00edcil, ahorita est\u00e1 ya sacando algunos movimientos, pero aunque opera el IMSS-Bienestar, el personal que fue transferido en ese movimiento, fuimos pocos, porque yo soy una de las transferidas al IMSS-Bienestar, por eso la problem\u00e1tica no es precisamente con el IMSS-Bienestar, es con SESVER y el secretario de Salud, que se ha cerrado a todo di\u00e1logo\u201d.<\/p>\n<p>Finalmente destac\u00f3 que el sector salud enfrenta una grave crisis y que es necesario que se tomen medidas urgentes para resolver la problem\u00e1tica.<\/p>\n<p><img loading=\"lazy\" decoding=\"async\" class=\"size-medium wp-image-71670 aligncenter\" src=\"https:\/\/encuentroinformativo.com.mx\/wp-content\/uploads\/2025\/10\/IMG-20251007-WA0093-300x169.jpg\" alt=\"\" width=\"300\" height=\"169\" srcset=\"https:\/\/encuentroinformativo.com.mx\/wp-content\/uploads\/2025\/10\/IMG-20251007-WA0093-300x169.jpg 300w, https:\/\/encuentroinformativo.com.mx\/wp-content\/uploads\/2025\/10\/IMG-20251007-WA0093-1024x576.jpg 1024w, https:\/\/encuentroinformativo.com.mx\/wp-content\/uploads\/2025\/10\/IMG-20251007-WA0093-768x432.jpg 768w, https:\/\/encuentroinformativo.com.mx\/wp-content\/uploads\/2025\/10\/IMG-20251007-WA0093.jpg 1280w\" sizes=\"auto, (max-width: 300px) 100vw, 300px\" \/><\/p>\n","protected":false},"excerpt":{"rendered":"<p>* Reclaman pago de uniformes y aumento salarial. Dar\u00edo Pale Xalapa, Ver.- Trabajadores del sector salud se manifestaron para exigir mejoras laborales y atenci\u00f3n a sus demandas, que incluyen el pago de uniformes y aumentos salariales, as\u00ed como la destituci\u00f3n inmediata del doctor Antonio V\u00e1squez Garc\u00eda como director del Hospital Regional de Xalapa \u201cDr. Luis [&hellip;]<\/p>\n","protected":false},"author":2476,"featured_media":71669,"comment_status":"open","ping_status":"open","sticky":false,"template":"","format":"standard","meta":{"_jetpack_memberships_contains_paid_content":false,"footnotes":""},"categories":[9],"tags":[],"class_list":["post-71668","post","type-post","status-publish","format-standard","has-post-thumbnail","hentry","category-salud"],"jetpack_featured_media_url":"https:\/\/encuentroinformativo.com.mx\/wp-content\/uploads\/2025\/10\/IMG-20251007-WA0094.jpg","jetpack_sharing_enabled":true,"jetpack_likes_enabled":true,"amp_enabled":true,"_links":{"self":[{"href":"https:\/\/encuentroinformativo.com.mx\/index.php?rest_route=\/wp\/v2\/posts\/71668","targetHints":{"allow":["GET"]}}],"collection":[{"href":"https:\/\/encuentroinformativo.com.mx\/index.php?rest_route=\/wp\/v2\/posts"}],"about":[{"href":"https:\/\/encuentroinformativo.com.mx\/index.php?rest_route=\/wp\/v2\/types\/post"}],"author":[{"embeddable":true,"href":"https:\/\/encuentroinformativo.com.mx\/index.php?rest_route=\/wp\/v2\/users\/2476"}],"replies":[{"embeddable":true,"href":"https:\/\/encuentroinformativo.com.mx\/index.php?rest_route=%2Fwp%2Fv2%2Fcomments&post=71668"}],"version-history":[{"count":2,"href":"https:\/\/encuentroinformativo.com.mx\/index.php?rest_route=\/wp\/v2\/posts\/71668\/revisions"}],"predecessor-version":[{"id":71672,"href":"https:\/\/encuentroinformativo.com.mx\/index.php?rest_route=\/wp\/v2\/posts\/71668\/revisions\/71672"}],"wp:featuredmedia":[{"embeddable":true,"href":"https:\/\/encuentroinformativo.com.mx\/index.php?rest_route=\/wp\/v2\/media\/71669"}],"wp:attachment":[{"href":"https:\/\/encuentroinformativo.com.mx\/index.php?rest_route=%2Fwp%2Fv2%2Fmedia&parent=71668"}],"wp:term":[{"taxonomy":"category","embeddable":true,"href":"https:\/\/encuentroinformativo.com.mx\/index.php?rest_route=%2Fwp%2Fv2%2Fcategories&post=71668"},{"taxonomy":"post_tag","embeddable":true,"href":"https:\/\/encuentroinformativo.com.mx\/index.php?rest_route=%2Fwp%2Fv2%2Ftags&post=71668"}],"curies":[{"name":"wp","href":"https:\/\/api.w.org\/{rel}","templated":true}]}}