{"id":7167,"date":"2020-10-21T15:18:40","date_gmt":"2020-10-21T20:18:40","guid":{"rendered":"https:\/\/encuentroinformativo.com.mx\/?p=7167"},"modified":"2020-10-21T15:18:43","modified_gmt":"2020-10-21T20:18:43","slug":"suspenden-vuelos-comerciales-en-la-zona-norte","status":"publish","type":"post","link":"https:\/\/encuentroinformativo.com.mx\/?p=7167","title":{"rendered":"Suspenden vuelos comerciales en la zona norte"},"content":{"rendered":"\n<p><strong>Juan Arcos<\/strong><\/p>\n\n\n\n<p>Xalapa, Ver.- El aeropuerto nacional \u201cEl Taj\u00edn\u201d, ubicado en el municipio de Poza Rica, cancel\u00f3 los vuelos comerciales por las p\u00e9rdidas econ\u00f3micas que se registraron en los \u00faltimos meses, debido a la baja actividad tur\u00edstica.<\/p>\n\n\n\n<p>De acuerdo con el vocal del Consejo T\u00e9cnico del Aeropuerto, Alejandro Mondrag\u00f3n, la demanda de los vuelos disminuy\u00f3 hasta 90 por ciento.<\/p>\n\n\n\n<p>El entrevistado indic\u00f3 que el problema se agrav\u00f3 por la pandemia del SARS-COV-2 (COVID-19).<\/p>\n\n\n\n<p>Adem\u00e1s, mencion\u00f3 es que los costos de combustible se han elevado y dicha situaci\u00f3n tambi\u00e9n ha dificultado la operaci\u00f3n.<\/p>\n\n\n\n<p>En ese sentido, destac\u00f3 que la empresa Aeromar decidi\u00f3 cancelar los vuelos a dicho aeropuerto, localizado en la zona norte de la entidad veracruzana.<\/p>\n\n\n\n<p>A\u00f1adi\u00f3 que en algunos casos los aviones s\u00f3lo alcanzaban una ocupaci\u00f3n del diez por ciento.<\/p>\n\n\n\n<p>Adem\u00e1s, si anteriormente hab\u00eda cinco vuelos diarios, ahora s\u00f3lo se realizaba uno.<\/p>\n\n\n\n<p>El aeropuerto ofertaba vuelos a diversos estados de la Rep\u00fablica Mexicana, principalmente a la Ciudad de M\u00e9xico.<\/p>\n\n\n\n<p>Este aeropuerto ha funcionado desde la d\u00e9cada de los 70 y ahora s\u00f3lo brindar\u00e1 servicio a personal de Petr\u00f3leos Mexicanos (Pemex) y de la Comisi\u00f3n Federal de Electricidad (CFE).<\/p>\n\n\n\n<p>\u201cLamentamos que se haya tomado esa decisi\u00f3n, pero es comprensible porque te sub\u00edas al vuelo y daba pena ver que iban de seis a ocho personas cuando el vuelo era para m\u00e1s de 80 personas\u201d, remat\u00f3 Alejandro Mondrag\u00f3n.<\/p>\n","protected":false},"excerpt":{"rendered":"<p>Juan Arcos Xalapa, Ver.- El aeropuerto nacional \u201cEl Taj\u00edn\u201d, ubicado en el municipio de Poza Rica, cancel\u00f3 los vuelos comerciales por las p\u00e9rdidas econ\u00f3micas que se registraron en los \u00faltimos meses, debido a la baja actividad tur\u00edstica. De acuerdo con el vocal del Consejo T\u00e9cnico del Aeropuerto, Alejandro Mondrag\u00f3n, la demanda de los vuelos disminuy\u00f3 [&hellip;]<\/p>\n","protected":false},"author":1,"featured_media":7166,"comment_status":"open","ping_status":"open","sticky":false,"template":"","format":"standard","meta":{"_jetpack_memberships_contains_paid_content":false,"footnotes":""},"categories":[2],"tags":[],"class_list":["post-7167","post","type-post","status-publish","format-standard","has-post-thumbnail","hentry","category-estado"],"jetpack_featured_media_url":"https:\/\/encuentroinformativo.com.mx\/wp-content\/uploads\/2020\/10\/B66A244E-65BA-47BF-B0FF-55CD4D1D2435.jpeg","jetpack_sharing_enabled":true,"jetpack_likes_enabled":true,"amp_enabled":true,"_links":{"self":[{"href":"https:\/\/encuentroinformativo.com.mx\/index.php?rest_route=\/wp\/v2\/posts\/7167","targetHints":{"allow":["GET"]}}],"collection":[{"href":"https:\/\/encuentroinformativo.com.mx\/index.php?rest_route=\/wp\/v2\/posts"}],"about":[{"href":"https:\/\/encuentroinformativo.com.mx\/index.php?rest_route=\/wp\/v2\/types\/post"}],"author":[{"embeddable":true,"href":"https:\/\/encuentroinformativo.com.mx\/index.php?rest_route=\/wp\/v2\/users\/1"}],"replies":[{"embeddable":true,"href":"https:\/\/encuentroinformativo.com.mx\/index.php?rest_route=%2Fwp%2Fv2%2Fcomments&post=7167"}],"version-history":[{"count":1,"href":"https:\/\/encuentroinformativo.com.mx\/index.php?rest_route=\/wp\/v2\/posts\/7167\/revisions"}],"predecessor-version":[{"id":7168,"href":"https:\/\/encuentroinformativo.com.mx\/index.php?rest_route=\/wp\/v2\/posts\/7167\/revisions\/7168"}],"wp:featuredmedia":[{"embeddable":true,"href":"https:\/\/encuentroinformativo.com.mx\/index.php?rest_route=\/wp\/v2\/media\/7166"}],"wp:attachment":[{"href":"https:\/\/encuentroinformativo.com.mx\/index.php?rest_route=%2Fwp%2Fv2%2Fmedia&parent=7167"}],"wp:term":[{"taxonomy":"category","embeddable":true,"href":"https:\/\/encuentroinformativo.com.mx\/index.php?rest_route=%2Fwp%2Fv2%2Fcategories&post=7167"},{"taxonomy":"post_tag","embeddable":true,"href":"https:\/\/encuentroinformativo.com.mx\/index.php?rest_route=%2Fwp%2Fv2%2Ftags&post=7167"}],"curies":[{"name":"wp","href":"https:\/\/api.w.org\/{rel}","templated":true}]}}