{"id":71673,"date":"2025-10-06T22:35:00","date_gmt":"2025-10-07T04:35:00","guid":{"rendered":"https:\/\/encuentroinformativo.com.mx\/?p=71673"},"modified":"2025-10-07T09:36:15","modified_gmt":"2025-10-07T15:36:15","slug":"carnaval-de-veracruz-2026-celebrara-el-ano-mundialista","status":"publish","type":"post","link":"https:\/\/encuentroinformativo.com.mx\/?p=71673","title":{"rendered":"Carnaval de Veracruz 2026 celebrar\u00e1 el a\u00f1o mundialista"},"content":{"rendered":"<p><strong>Alejandro \u00c1vila<\/strong><\/p>\n<p>Veracruz, Ver.- Debido a que M\u00e9xico es sede del Mundial de F\u00fatbol 2026, el Comit\u00e9 Organizador del Carnaval de Veracruz decidi\u00f3 sumarse a la fiesta, por lo que se anunci\u00f3 la invitaci\u00f3n a delegaciones de Brasil, Colombia y Cuba para que as\u00ed est\u00e1n al evento que se desarrollara del 10 al 18 de febrero.<\/p>\n<p>&#8220;Tambi\u00e9n estamos invitando a Brasil una delegaci\u00f3n de Brasil, estamos invitados otra vez a sus embajadas a una delegaci\u00f3n de Colombia y una delegaci\u00f3n de Cuba&#8221;, dio a conocer la alcaldesa electa, Rosa Mar\u00eda Hern\u00e1ndez Espejo, en rueda de prensa.<\/p>\n<p>Por su parte el regidor, Daniel Mart\u00edn Lois y pr\u00f3ximo presidente del Comit\u00e9 de Carnaval inform\u00f3 que, por primera ocasi\u00f3n se har\u00e1 promoci\u00f3n de la m\u00e1xima fiesta de los veracruzanos a nivel Internacional en sitios donde existen vuelos directos hacia Veracruz, tal es el caso de las ciudades del sur de los Estados Unidos o el Pac\u00edfico mexicano.<\/p>\n<p>&#8220;En principio el proceso de promoci\u00f3n empieza en noviembre y va a ser en San Diego, Tijuana, Rosarito, Dallas, Houston, Monterrey, Reynosa, Guadalajara, M\u00e9xico, Puebla, Tlaxcala e Hidalgo. Es la promoci\u00f3n que se tiene pensado hacer de aqu\u00ed a enero, es la primera vez que se va a promocionar el Carnaval de forma internacional en los destinos que tienen vuelos directos, vamos a empezar con eso&#8221;, subray\u00f3.<\/p>\n<p>Finalmente dieron a conocer que, los municipios de Acayucan, Saltabarranca y un pueblo originario del norte de la entidad tambi\u00e9n se sumar\u00e1n a la fiesta, no solo con carro aleg\u00f3rico y comparsa, sino que se les colocar\u00e1 un espacio para promocionar su folclor, gastronom\u00eda y cultura.<\/p>\n","protected":false},"excerpt":{"rendered":"<p>Alejandro \u00c1vila Veracruz, Ver.- Debido a que M\u00e9xico es sede del Mundial de F\u00fatbol 2026, el Comit\u00e9 Organizador del Carnaval de Veracruz decidi\u00f3 sumarse a la fiesta, por lo que se anunci\u00f3 la invitaci\u00f3n a delegaciones de Brasil, Colombia y Cuba para que as\u00ed est\u00e1n al evento que se desarrollara del 10 al 18 de [&hellip;]<\/p>\n","protected":false},"author":2476,"featured_media":71674,"comment_status":"open","ping_status":"open","sticky":false,"template":"","format":"standard","meta":{"_jetpack_memberships_contains_paid_content":false,"footnotes":""},"categories":[2],"tags":[],"class_list":["post-71673","post","type-post","status-publish","format-standard","has-post-thumbnail","hentry","category-estado"],"jetpack_featured_media_url":"https:\/\/encuentroinformativo.com.mx\/wp-content\/uploads\/2025\/10\/IMG-20251007-WA0089.jpg","jetpack_sharing_enabled":true,"jetpack_likes_enabled":true,"amp_enabled":true,"_links":{"self":[{"href":"https:\/\/encuentroinformativo.com.mx\/index.php?rest_route=\/wp\/v2\/posts\/71673","targetHints":{"allow":["GET"]}}],"collection":[{"href":"https:\/\/encuentroinformativo.com.mx\/index.php?rest_route=\/wp\/v2\/posts"}],"about":[{"href":"https:\/\/encuentroinformativo.com.mx\/index.php?rest_route=\/wp\/v2\/types\/post"}],"author":[{"embeddable":true,"href":"https:\/\/encuentroinformativo.com.mx\/index.php?rest_route=\/wp\/v2\/users\/2476"}],"replies":[{"embeddable":true,"href":"https:\/\/encuentroinformativo.com.mx\/index.php?rest_route=%2Fwp%2Fv2%2Fcomments&post=71673"}],"version-history":[{"count":1,"href":"https:\/\/encuentroinformativo.com.mx\/index.php?rest_route=\/wp\/v2\/posts\/71673\/revisions"}],"predecessor-version":[{"id":71675,"href":"https:\/\/encuentroinformativo.com.mx\/index.php?rest_route=\/wp\/v2\/posts\/71673\/revisions\/71675"}],"wp:featuredmedia":[{"embeddable":true,"href":"https:\/\/encuentroinformativo.com.mx\/index.php?rest_route=\/wp\/v2\/media\/71674"}],"wp:attachment":[{"href":"https:\/\/encuentroinformativo.com.mx\/index.php?rest_route=%2Fwp%2Fv2%2Fmedia&parent=71673"}],"wp:term":[{"taxonomy":"category","embeddable":true,"href":"https:\/\/encuentroinformativo.com.mx\/index.php?rest_route=%2Fwp%2Fv2%2Fcategories&post=71673"},{"taxonomy":"post_tag","embeddable":true,"href":"https:\/\/encuentroinformativo.com.mx\/index.php?rest_route=%2Fwp%2Fv2%2Ftags&post=71673"}],"curies":[{"name":"wp","href":"https:\/\/api.w.org\/{rel}","templated":true}]}}