{"id":71686,"date":"2025-10-07T10:48:27","date_gmt":"2025-10-07T16:48:27","guid":{"rendered":"https:\/\/encuentroinformativo.com.mx\/?p=71686"},"modified":"2025-10-07T11:06:47","modified_gmt":"2025-10-07T17:06:47","slug":"registro-uv-casos-de-extorsion-virtual-a-estudiantes-martin-aguilar","status":"publish","type":"post","link":"https:\/\/encuentroinformativo.com.mx\/?p=71686","title":{"rendered":"Registr\u00f3 UV casos de extorsi\u00f3n virtual a estudiantes: Mart\u00edn Aguilar"},"content":{"rendered":"<p><strong>Magnolia Reyes<\/strong><\/p>\n<p>Xalapa, Ver.- Mart\u00edn Aguilar S\u00e1nchez rector de la Universidad Veracruzana (UV) reconoci\u00f3 que debido a que se han registrado casos de extorsi\u00f3n virtual a estudiantes es que han reforzado medidas de prevenci\u00f3n en coordinaci\u00f3n con Seguridad P\u00fablica.<\/p>\n<p>En entrevista explic\u00f3 que han sostenido reuniones con las mesas de seguridad de la Secretar\u00eda de Seguridad P\u00fablica y la Fiscal\u00eda General del Estado, sin embargo, descart\u00f3 que la situaci\u00f3n se haya presentado por alg\u00fan robo de informaci\u00f3n a la universidad.<\/p>\n<p>\u201cTenemos un tema que se ha venido acrecentando desde el mes de febrero para ac\u00e1, con unas llamadas de extorsi\u00f3n a estudiantes y estamos nosotros muy atentos haciendo lo que nos corresponde como universidad. Hemos estado en mesas de trabajo con la Secretar\u00eda de Seguridad P\u00fablica y tambi\u00e9n como responsable en estos temas con la Fiscal\u00eda General\u201d.<\/p>\n<p>Cuestionado sobre casos de j\u00f3venes que hayan ca\u00eddo en la extorsi\u00f3n, precis\u00f3: \u201cHubo un par de casos de extorsi\u00f3n virtual, entonces por eso nosotros mandamos ese tipo de comunicados\u2026 porque los j\u00f3venes est\u00e1n muy metidos en redes pero este tipo de temas los agarra en improviso, por eso estamos dando ese tipo de informaci\u00f3n. Estamos dando seguimiento para tratar de prevenir este tipo de temas\u201d.<\/p>\n<div class=\"jetpack-video-wrapper\"><iframe loading=\"lazy\" title=\"Sin filtraci\u00f3n de datos en la #UV: Mart\u00edn Aguilar \" width=\"640\" height=\"360\" src=\"https:\/\/www.youtube.com\/embed\/oNHTNnhTP5E?feature=oembed\" frameborder=\"0\" allow=\"accelerometer; autoplay; clipboard-write; encrypted-media; gyroscope; picture-in-picture; web-share\" referrerpolicy=\"strict-origin-when-cross-origin\" allowfullscreen><\/iframe><\/div>\n<p>&nbsp;<\/p>\n<p>Aguilar S\u00e1nchez insisti\u00f3 en que como autoridades educativas se mantienen \u201catentos\u201d para prevenir casos de extorsi\u00f3n as\u00ed como orientar a los j\u00f3venes que se encuentren en una situaci\u00f3n de vulnerabilidad por haber proporcionado informaci\u00f3n.<\/p>\n","protected":false},"excerpt":{"rendered":"<p>Magnolia Reyes Xalapa, Ver.- Mart\u00edn Aguilar S\u00e1nchez rector de la Universidad Veracruzana (UV) reconoci\u00f3 que debido a que se han registrado casos de extorsi\u00f3n virtual a estudiantes es que han reforzado medidas de prevenci\u00f3n en coordinaci\u00f3n con Seguridad P\u00fablica. En entrevista explic\u00f3 que han sostenido reuniones con las mesas de seguridad de la Secretar\u00eda de [&hellip;]<\/p>\n","protected":false},"author":2476,"featured_media":71685,"comment_status":"open","ping_status":"open","sticky":false,"template":"","format":"standard","meta":{"_jetpack_memberships_contains_paid_content":false,"footnotes":""},"categories":[2],"tags":[],"class_list":["post-71686","post","type-post","status-publish","format-standard","has-post-thumbnail","hentry","category-estado"],"jetpack_featured_media_url":"https:\/\/encuentroinformativo.com.mx\/wp-content\/uploads\/2025\/10\/IMG_20251007_104202_1300_x_1080_pixel2.jpg","jetpack_sharing_enabled":true,"jetpack_likes_enabled":true,"amp_enabled":true,"_links":{"self":[{"href":"https:\/\/encuentroinformativo.com.mx\/index.php?rest_route=\/wp\/v2\/posts\/71686","targetHints":{"allow":["GET"]}}],"collection":[{"href":"https:\/\/encuentroinformativo.com.mx\/index.php?rest_route=\/wp\/v2\/posts"}],"about":[{"href":"https:\/\/encuentroinformativo.com.mx\/index.php?rest_route=\/wp\/v2\/types\/post"}],"author":[{"embeddable":true,"href":"https:\/\/encuentroinformativo.com.mx\/index.php?rest_route=\/wp\/v2\/users\/2476"}],"replies":[{"embeddable":true,"href":"https:\/\/encuentroinformativo.com.mx\/index.php?rest_route=%2Fwp%2Fv2%2Fcomments&post=71686"}],"version-history":[{"count":3,"href":"https:\/\/encuentroinformativo.com.mx\/index.php?rest_route=\/wp\/v2\/posts\/71686\/revisions"}],"predecessor-version":[{"id":71689,"href":"https:\/\/encuentroinformativo.com.mx\/index.php?rest_route=\/wp\/v2\/posts\/71686\/revisions\/71689"}],"wp:featuredmedia":[{"embeddable":true,"href":"https:\/\/encuentroinformativo.com.mx\/index.php?rest_route=\/wp\/v2\/media\/71685"}],"wp:attachment":[{"href":"https:\/\/encuentroinformativo.com.mx\/index.php?rest_route=%2Fwp%2Fv2%2Fmedia&parent=71686"}],"wp:term":[{"taxonomy":"category","embeddable":true,"href":"https:\/\/encuentroinformativo.com.mx\/index.php?rest_route=%2Fwp%2Fv2%2Fcategories&post=71686"},{"taxonomy":"post_tag","embeddable":true,"href":"https:\/\/encuentroinformativo.com.mx\/index.php?rest_route=%2Fwp%2Fv2%2Ftags&post=71686"}],"curies":[{"name":"wp","href":"https:\/\/api.w.org\/{rel}","templated":true}]}}