{"id":71694,"date":"2025-10-07T12:23:27","date_gmt":"2025-10-07T18:23:27","guid":{"rendered":"https:\/\/encuentroinformativo.com.mx\/?p=71694"},"modified":"2025-10-07T12:23:27","modified_gmt":"2025-10-07T18:23:27","slug":"la-vedette-veracruzana-monica-de-la-torre-presentara-divas","status":"publish","type":"post","link":"https:\/\/encuentroinformativo.com.mx\/?p=71694","title":{"rendered":"La vedette veracruzana M\u00f3nica de la Torre presentar\u00e1 \u201cDiva\u00b4s\u201d"},"content":{"rendered":"<p><strong>Alejandro \u00c1vila<\/strong><\/p>\n<p>Veracruz, Ver.-\u201cDiva\u2019s\u201d es el nuevo espect\u00e1culo que estrenar\u00e1 el 10 de octubre la ic\u00f3nica vedette veracruzana M\u00f3nica de la Torre y que promete ser todo un suceso para la vida nocturna.<\/p>\n<p>M\u00f3nica de la Torre, tambi\u00e9n llamada \u201cLa Reina del Transformismo\u201d es sin\u00f3nimo de espectacularidad, profesionalismo y talento. Su vasta trayectoria en el mundo del espect\u00e1culo nocturno a nivel nacional e internacional la han mantenido en el pin\u00e1culo de la fama durante d\u00e9cadas.<\/p>\n<p>\u201cDiva\u2019s\u201d es el nuevo espect\u00e1culo de esta \u201cLeyenda Viviente del Arte de la Transformaci\u00f3n\u201d e inicia temporada en conocido centro nocturno del Puerto de Veracruz.<\/p>\n<p>\u201cIniciamos temporada a partir del viernes 10 de octubre y nos extenderemos s\u00e1bado 11 y domingo 12 (\u2026) Tendremos un sinf\u00edn de caracterizaciones (\u2026) Estar\u00e1 \u00c1ngel Ortiz que es la voz gemela de Vicente Fern\u00e1ndez. Habr\u00e1 show performance, comedia, caracterizaciones de las artistas m\u00e1s encumbradas de la escena como Amanda Miguel, Yuri, Paquita la del Barrio, Mar\u00eda Jos\u00e9, Ninel Conde, Laura Le\u00f3n, entre muchas otras y la conducci\u00f3n de Marimar, la reina de las parodias\u201d, comenta la artista.<\/p>\n<p>En su semana de estreno, \u201cDiva\u2019s\u201d estar\u00e1 en cartelera del 10 al 12 de octubre. El espect\u00e1culo se divide en tres partes con horario de 10 de la noche; 12:30 y 3 de la madrugada y cada uno cuenta con un oppening en el que participa toda la compa\u00f1\u00eda art\u00edstica.<\/p>\n<p>M\u00f3nica de la Torre tuvo su primer encuentro con el mundo del espect\u00e1culo, el brillo, las luces, las lentejuelas y el glamour a los 15 a\u00f1os en el centro nocturno El Cid: \u201cLlegue como cualquier clienta y la due\u00f1a se me acerc\u00f3 para invitarme a una audici\u00f3n, la hago y me quedo a trabajar ah\u00ed combin\u00e1ndolo con mi trabajo en las oficinas de Astilleros y la escuela\u201d.<\/p>\n<p>Y agrega: \u201cDos a\u00f1os despu\u00e9s llega al Hotel Emporio el espect\u00e1culo Shakira Show, uno de los m\u00e1s tops a nivel nacional y unos d\u00edas antes del estreno fueron a El Cid, vieron mi trabajo y les gust\u00f3 mucho. Me integre a esta compa\u00f1\u00eda art\u00edstica y viajamos por todo el pa\u00eds\u201d.<\/p>\n<p>M\u00f3nica de la Torre tambi\u00e9n trabajo en Estados Unidos, en Los \u00c1ngeles, Dallas y Houston: \u201cMe regres\u00e9 M\u00e9xico para trabajar en Mexicali como la vedette principal del show del mejor centro nocturno del lugar\u201d.<\/p>\n<p>Su talento la llev\u00f3 a trabajar en revistas musicales de teatro en M\u00e9xico, Guatemala y El Salvador.<\/p>\n<p>Como actriz, ha participado en cap\u00edtulos de telenovelas, cortometrajes y series para YouTube, adem\u00e1s del teatro. El jazz y el ballet cl\u00e1sico son tambi\u00e9n parte de su formaci\u00f3n art\u00edstica.<\/p>\n<p>No puede perderse el gran estreno de \u201cDiva\u2019s\u201d \u00a1M\u00e1s que un show un espect\u00e1culo!, con la ic\u00f3nica vedette veracruzana M\u00f3nica de la Torre.<\/p>\n<p>Estreno: Viernes 10 de octubre<br \/>\nHorario: 22:00; 00:30 y 03:00 horas<br \/>\nLugar: Diva&#8217;s Bar Show, avenida Allende No. 1172 esq. Privada de Allende col. Centro Veracruz (Frente al IMSS de Montesinos). Show apto para p\u00fablico de todas las edades<\/p>\n","protected":false},"excerpt":{"rendered":"<p>Alejandro \u00c1vila Veracruz, Ver.-\u201cDiva\u2019s\u201d es el nuevo espect\u00e1culo que estrenar\u00e1 el 10 de octubre la ic\u00f3nica vedette veracruzana M\u00f3nica de la Torre y que promete ser todo un suceso para la vida nocturna. M\u00f3nica de la Torre, tambi\u00e9n llamada \u201cLa Reina del Transformismo\u201d es sin\u00f3nimo de espectacularidad, profesionalismo y talento. Su vasta trayectoria en el [&hellip;]<\/p>\n","protected":false},"author":2476,"featured_media":71695,"comment_status":"open","ping_status":"open","sticky":false,"template":"","format":"standard","meta":{"_jetpack_memberships_contains_paid_content":false,"footnotes":""},"categories":[2],"tags":[],"class_list":["post-71694","post","type-post","status-publish","format-standard","has-post-thumbnail","hentry","category-estado"],"jetpack_featured_media_url":"https:\/\/encuentroinformativo.com.mx\/wp-content\/uploads\/2025\/10\/IMG-20251007-WA02882.jpg","jetpack_sharing_enabled":true,"jetpack_likes_enabled":true,"amp_enabled":true,"_links":{"self":[{"href":"https:\/\/encuentroinformativo.com.mx\/index.php?rest_route=\/wp\/v2\/posts\/71694","targetHints":{"allow":["GET"]}}],"collection":[{"href":"https:\/\/encuentroinformativo.com.mx\/index.php?rest_route=\/wp\/v2\/posts"}],"about":[{"href":"https:\/\/encuentroinformativo.com.mx\/index.php?rest_route=\/wp\/v2\/types\/post"}],"author":[{"embeddable":true,"href":"https:\/\/encuentroinformativo.com.mx\/index.php?rest_route=\/wp\/v2\/users\/2476"}],"replies":[{"embeddable":true,"href":"https:\/\/encuentroinformativo.com.mx\/index.php?rest_route=%2Fwp%2Fv2%2Fcomments&post=71694"}],"version-history":[{"count":1,"href":"https:\/\/encuentroinformativo.com.mx\/index.php?rest_route=\/wp\/v2\/posts\/71694\/revisions"}],"predecessor-version":[{"id":71696,"href":"https:\/\/encuentroinformativo.com.mx\/index.php?rest_route=\/wp\/v2\/posts\/71694\/revisions\/71696"}],"wp:featuredmedia":[{"embeddable":true,"href":"https:\/\/encuentroinformativo.com.mx\/index.php?rest_route=\/wp\/v2\/media\/71695"}],"wp:attachment":[{"href":"https:\/\/encuentroinformativo.com.mx\/index.php?rest_route=%2Fwp%2Fv2%2Fmedia&parent=71694"}],"wp:term":[{"taxonomy":"category","embeddable":true,"href":"https:\/\/encuentroinformativo.com.mx\/index.php?rest_route=%2Fwp%2Fv2%2Fcategories&post=71694"},{"taxonomy":"post_tag","embeddable":true,"href":"https:\/\/encuentroinformativo.com.mx\/index.php?rest_route=%2Fwp%2Fv2%2Ftags&post=71694"}],"curies":[{"name":"wp","href":"https:\/\/api.w.org\/{rel}","templated":true}]}}