{"id":71714,"date":"2025-10-07T15:26:31","date_gmt":"2025-10-07T21:26:31","guid":{"rendered":"https:\/\/encuentroinformativo.com.mx\/?p=71714"},"modified":"2025-10-07T15:26:31","modified_gmt":"2025-10-07T21:26:31","slug":"demanda-pt-resultados-en-materia-de-seguridad","status":"publish","type":"post","link":"https:\/\/encuentroinformativo.com.mx\/?p=71714","title":{"rendered":"Demanda PT resultados en materia de seguridad"},"content":{"rendered":"<p><strong>* Exigen justicia por homicidio de ex candidata.<\/strong><\/p>\n<p><strong>Dar\u00edo Pale<\/strong><\/p>\n<p>Xalapa, Ver.- El asesinato de una ex candidata del Partido del Trabajo (PT) ha encendido las alarmas dentro del partido, por lo que exigi\u00f3 justicia y una actuaci\u00f3n m\u00e1s en\u00e9rgica por parte de las autoridades estatales y federales para frenar la creciente violencia en el estado.<\/p>\n<p>Vicente Aguilar Aguilar, coordinador de la Comisi\u00f3n Ejecutiva Estatal del PT, conden\u00f3 en\u00e9rgicamente el crimen y pidi\u00f3 la intervenci\u00f3n de la Fiscal\u00eda y de cuerpos de seguridad con inteligencia militar.<\/p>\n<p>&#8220;Es un tema que lacera a la sociedad y al Partido del Trabajo, fue una compa\u00f1era candidata que luch\u00f3 bajo nuestras siglas, una madre, una hija, una hermana que conocimos trabajando, gestionando, luchando por su comunidad. Hoy exigimos justicia\u201d, coment\u00f3<\/p>\n<p>El coordinador estatal critic\u00f3 duramente la falta de resultados por parte de las autoridades de seguridad p\u00fablica, destacando la necesidad de una mejor coordinaci\u00f3n entre los tres niveles de gobierno, las fuerzas armadas y las corporaciones polic\u00edacas.<\/p>\n<p>&#8220;Siempre hemos manifestado que la seguridad p\u00fablica debe hacer su tarea. Deben usar inteligencia militar para evitar este tipo de agravios&#8221;, exigi\u00f3.<\/p>\n<p>&#8220;Si no se empatan las tareas entre todas las instancias, van a seguir sucediendo estos cr\u00edmenes\u201d, agreg\u00f3.<\/p>\n<p>Cuando se le pregunt\u00f3 si consideraba que la inseguridad ya hab\u00eda rebasado al gobierno estatal, Aguilar fue cauteloso, pero no minimiz\u00f3 la gravedad de los hechos. &#8220;No podemos decir que est\u00e1 rebasado, pero s\u00ed hay casos aislados, aunque muy sonados. Tan solo en Veracruz hubo 20 muertos recientemente&#8221;, se\u00f1al\u00f3.<\/p>\n<p>Aunque reconoci\u00f3 el impacto pol\u00edtico del asesinato, Aguilar descart\u00f3, al menos por ahora, que se trate de un crimen con motivaci\u00f3n pol\u00edtica. &#8220;No creo que sea un acto pol\u00edtico. Es violencia. Es una violencia generada, y si mataron a nuestro compa\u00f1ero, es un tema que tambi\u00e9n debe investigar la Fiscal\u00eda.&#8221;<\/p>\n<p>Agreg\u00f3 que en cada elecci\u00f3n los candidatos reciben amenazas, muchas veces por tel\u00e9fono, aunque se tiende a restarles importancia. \u201cA veces son 15 o 20 los que nos dicen que fueron amenazados para que se bajen de la contienda. Una de esas llamadas pudo haber sido clave en este caso, y la Fiscal\u00eda debe investigar eso tambi\u00e9n\u201d, advirti\u00f3.<\/p>\n<p>Durante la conferencia, se record\u00f3 que el hermano de la ex candidata, identificado como Aurelio, tambi\u00e9n fue asesinado en julio pasado. \u201cEse tambi\u00e9n es un tema de investigaci\u00f3n. Nosotros vemos la parte pol\u00edtica, pero la Fiscal\u00eda debe llegar al fondo de todos estos casos. No puede haber impunidad\u201d, se\u00f1al\u00f3 el dirigente.<\/p>\n<p>Sobre el desempe\u00f1o del secretario de Seguridad P\u00fablica, Vicente Aguilar fue tajante: \u201cNo pedimos su renuncia, pero s\u00ed que se pongan las pilas. Que junto con su gente haga un an\u00e1lisis correcto del Estado, se coordine con todas las autoridades, y que saquen adelante el trabajo de seguridad p\u00fablica. Si no, \u00bfc\u00f3mo vamos a darle paz a la sociedad veracruzana?\u201d<\/p>\n<p>El l\u00edder petista lament\u00f3 que ya sumen dos los ex candidatos del partido atacados violentamente, y urgi\u00f3 a tomar medidas preventivas en zonas con alta incidencia delictiva, como las serran\u00edas o las regiones se\u00f1aladas como \u201czonas calientes\u201d.<\/p>\n<p>Finalmente, Aguilar subray\u00f3 que la ex candidata no era una figura improvisada. \u201cEra una gestora muy querida en su comunidad, recomendada por nuestro dirigente municipal. Nos duele profundamente su p\u00e9rdida, y vamos a acompa\u00f1ar a su familia, pero sobre todo, vamos a exigir justicia\u201d.<\/p>\n","protected":false},"excerpt":{"rendered":"<p>* Exigen justicia por homicidio de ex candidata. Dar\u00edo Pale Xalapa, Ver.- El asesinato de una ex candidata del Partido del Trabajo (PT) ha encendido las alarmas dentro del partido, por lo que exigi\u00f3 justicia y una actuaci\u00f3n m\u00e1s en\u00e9rgica por parte de las autoridades estatales y federales para frenar la creciente violencia en el [&hellip;]<\/p>\n","protected":false},"author":2476,"featured_media":71715,"comment_status":"open","ping_status":"open","sticky":false,"template":"","format":"standard","meta":{"_jetpack_memberships_contains_paid_content":false,"footnotes":""},"categories":[2],"tags":[],"class_list":["post-71714","post","type-post","status-publish","format-standard","has-post-thumbnail","hentry","category-estado"],"jetpack_featured_media_url":"https:\/\/encuentroinformativo.com.mx\/wp-content\/uploads\/2025\/10\/IMG-20251007-WA0400.jpg","jetpack_sharing_enabled":true,"jetpack_likes_enabled":true,"amp_enabled":true,"_links":{"self":[{"href":"https:\/\/encuentroinformativo.com.mx\/index.php?rest_route=\/wp\/v2\/posts\/71714","targetHints":{"allow":["GET"]}}],"collection":[{"href":"https:\/\/encuentroinformativo.com.mx\/index.php?rest_route=\/wp\/v2\/posts"}],"about":[{"href":"https:\/\/encuentroinformativo.com.mx\/index.php?rest_route=\/wp\/v2\/types\/post"}],"author":[{"embeddable":true,"href":"https:\/\/encuentroinformativo.com.mx\/index.php?rest_route=\/wp\/v2\/users\/2476"}],"replies":[{"embeddable":true,"href":"https:\/\/encuentroinformativo.com.mx\/index.php?rest_route=%2Fwp%2Fv2%2Fcomments&post=71714"}],"version-history":[{"count":1,"href":"https:\/\/encuentroinformativo.com.mx\/index.php?rest_route=\/wp\/v2\/posts\/71714\/revisions"}],"predecessor-version":[{"id":71716,"href":"https:\/\/encuentroinformativo.com.mx\/index.php?rest_route=\/wp\/v2\/posts\/71714\/revisions\/71716"}],"wp:featuredmedia":[{"embeddable":true,"href":"https:\/\/encuentroinformativo.com.mx\/index.php?rest_route=\/wp\/v2\/media\/71715"}],"wp:attachment":[{"href":"https:\/\/encuentroinformativo.com.mx\/index.php?rest_route=%2Fwp%2Fv2%2Fmedia&parent=71714"}],"wp:term":[{"taxonomy":"category","embeddable":true,"href":"https:\/\/encuentroinformativo.com.mx\/index.php?rest_route=%2Fwp%2Fv2%2Fcategories&post=71714"},{"taxonomy":"post_tag","embeddable":true,"href":"https:\/\/encuentroinformativo.com.mx\/index.php?rest_route=%2Fwp%2Fv2%2Ftags&post=71714"}],"curies":[{"name":"wp","href":"https:\/\/api.w.org\/{rel}","templated":true}]}}