{"id":71720,"date":"2025-10-07T21:40:57","date_gmt":"2025-10-08T03:40:57","guid":{"rendered":"https:\/\/encuentroinformativo.com.mx\/?p=71720"},"modified":"2025-10-07T21:40:57","modified_gmt":"2025-10-08T03:40:57","slug":"detienen-a-presunto-asaltante-que-operaba-en-las-inmediaciones-del-hospital-pedro-coronel","status":"publish","type":"post","link":"https:\/\/encuentroinformativo.com.mx\/?p=71720","title":{"rendered":"Detienen a presunto asaltante que operaba en las inmediaciones del hospital Pedro Coronel"},"content":{"rendered":"<p><strong>Jos\u00e9 Vargas<\/strong><\/p>\n<p>Las Choapas, Ver.- Elementos de la Polic\u00eda Municipal, bajo el mando del comandante Andr\u00e9s Pineda S\u00e1nchez, detuvieron a un individuo identificado como Job A. O., de 32 a\u00f1os de edad, quien es se\u00f1alado como probable responsable de diversos asaltos cometidos contra pacientes y familiares que acud\u00edan al hospital Doctor Pedro Coronel.<\/p>\n<p>De acuerdo con el reporte oficial, la detenci\u00f3n se llev\u00f3 a cabo luego de que el sujeto fuera intervenido por una falta administrativa. No obstante, al momento de su aseguramiento, varios testigos lo reconocieron como uno de los presuntos ladrones que hab\u00edan operado en las \u00faltimas semanas en la zona.<\/p>\n<p>Las denuncias ciudadanas se\u00f1alaban que personas a pie o en motocicleta aprovechaban la salida de los pacientes para robar dinero, celulares y otras pertenencias, aprovechando el tr\u00e1nsito constante en el \u00e1rea del hospital.<\/p>\n<p>El detenido fue puesto a disposici\u00f3n de las autoridades correspondientes para que se determine su situaci\u00f3n legal, mientras que la Polic\u00eda Municipal reforz\u00f3 los patrullajes preventivos en el sector, con el objetivo de evitar nuevos incidentes y brindar mayor seguridad a los habitantes.<\/p>\n","protected":false},"excerpt":{"rendered":"<p>Jos\u00e9 Vargas Las Choapas, Ver.- Elementos de la Polic\u00eda Municipal, bajo el mando del comandante Andr\u00e9s Pineda S\u00e1nchez, detuvieron a un individuo identificado como Job A. O., de 32 a\u00f1os de edad, quien es se\u00f1alado como probable responsable de diversos asaltos cometidos contra pacientes y familiares que acud\u00edan al hospital Doctor Pedro Coronel. De acuerdo [&hellip;]<\/p>\n","protected":false},"author":2476,"featured_media":71721,"comment_status":"open","ping_status":"open","sticky":false,"template":"","format":"standard","meta":{"_jetpack_memberships_contains_paid_content":false,"footnotes":""},"categories":[14],"tags":[],"class_list":["post-71720","post","type-post","status-publish","format-standard","has-post-thumbnail","hentry","category-policiaca"],"jetpack_featured_media_url":"https:\/\/encuentroinformativo.com.mx\/wp-content\/uploads\/2025\/10\/IMG-20251007-WA06592.jpg","jetpack_sharing_enabled":true,"jetpack_likes_enabled":true,"amp_enabled":true,"_links":{"self":[{"href":"https:\/\/encuentroinformativo.com.mx\/index.php?rest_route=\/wp\/v2\/posts\/71720","targetHints":{"allow":["GET"]}}],"collection":[{"href":"https:\/\/encuentroinformativo.com.mx\/index.php?rest_route=\/wp\/v2\/posts"}],"about":[{"href":"https:\/\/encuentroinformativo.com.mx\/index.php?rest_route=\/wp\/v2\/types\/post"}],"author":[{"embeddable":true,"href":"https:\/\/encuentroinformativo.com.mx\/index.php?rest_route=\/wp\/v2\/users\/2476"}],"replies":[{"embeddable":true,"href":"https:\/\/encuentroinformativo.com.mx\/index.php?rest_route=%2Fwp%2Fv2%2Fcomments&post=71720"}],"version-history":[{"count":1,"href":"https:\/\/encuentroinformativo.com.mx\/index.php?rest_route=\/wp\/v2\/posts\/71720\/revisions"}],"predecessor-version":[{"id":71722,"href":"https:\/\/encuentroinformativo.com.mx\/index.php?rest_route=\/wp\/v2\/posts\/71720\/revisions\/71722"}],"wp:featuredmedia":[{"embeddable":true,"href":"https:\/\/encuentroinformativo.com.mx\/index.php?rest_route=\/wp\/v2\/media\/71721"}],"wp:attachment":[{"href":"https:\/\/encuentroinformativo.com.mx\/index.php?rest_route=%2Fwp%2Fv2%2Fmedia&parent=71720"}],"wp:term":[{"taxonomy":"category","embeddable":true,"href":"https:\/\/encuentroinformativo.com.mx\/index.php?rest_route=%2Fwp%2Fv2%2Fcategories&post=71720"},{"taxonomy":"post_tag","embeddable":true,"href":"https:\/\/encuentroinformativo.com.mx\/index.php?rest_route=%2Fwp%2Fv2%2Ftags&post=71720"}],"curies":[{"name":"wp","href":"https:\/\/api.w.org\/{rel}","templated":true}]}}