{"id":71729,"date":"2025-10-08T11:11:26","date_gmt":"2025-10-08T17:11:26","guid":{"rendered":"https:\/\/encuentroinformativo.com.mx\/?p=71729"},"modified":"2025-10-08T11:11:26","modified_gmt":"2025-10-08T17:11:26","slug":"taxistas-de-la-zona-centro-piden-dialogo-y-regulacion-de-transporte","status":"publish","type":"post","link":"https:\/\/encuentroinformativo.com.mx\/?p=71729","title":{"rendered":"Taxistas de la zona centro piden di\u00e1logo y regulaci\u00f3n de transporte"},"content":{"rendered":"<p><strong>Dar\u00edo Pale<\/strong><\/p>\n<p>Xalapa, Ver.- El representante de los taxistas independientes GRITO de la regi\u00f3n de Orizaba, de C\u00f3rdoba y de Tierra Blanca, Jairo Guarneros Sosa, denunci\u00f3 la falta de di\u00e1logo y regulaci\u00f3n en el transporte p\u00fablico en el estado de Veracruz.<\/p>\n<p>Guarneros Sosa afirm\u00f3 que las tarifas actuales son ileg\u00edtimas y no reflejan la realidad econ\u00f3mica que enfrentan los taxistas.<\/p>\n<p>Las tarifas actuales de 33 y 38 pesos no toman en cuenta indicadores como la inflaci\u00f3n, la amortizaci\u00f3n y el salario m\u00ednimo, los taxistas de Orizaba han establecido una tarifa provisional de 40 pesos en el primer per\u00edmetro y 50 pesos en el segundo per\u00edmetro.<\/p>\n<p>Guarneros Sosa se\u00f1al\u00f3 que la falta de regulaci\u00f3n y di\u00e1logo ha generado una competencia desleal entre los taxistas regulados y los &#8220;clonados&#8221;.<\/p>\n<p>\u201cNosotros desde la regi\u00f3n de Orizaba, pues le hemos estado insistiendo p\u00fablicamente, porque no nos han querido recibir a nosotros, han recibido a otros grupos, sobre todo de la ciudad de Xalapa, pero nosotros que venimos de fuera, pues como que simplemente no existimos\u201d, coment\u00f3.<\/p>\n<p>Los taxistas han solicitado reuniones con las autoridades, pero estas han sido canceladas o no se han llevado a cabo, Guarneros Sosa critic\u00f3 la intervenci\u00f3n de la Secretar\u00eda de Gobierno en el tema del transporte, considerando que deber\u00eda ser la Secretar\u00eda de Seguridad P\u00fablica la encargada de abordar el problema.<\/p>\n<p>\u201cEl di\u00e1logo se nos ha prometido, sobre todo por el coordinador de asesores de la Secretar\u00eda de Gobierno, Oliver Yunes, parece que es apellido, que me parece que anda muy extraviado en este asunto del transporte, pero adem\u00e1s, digo, utilizando, repitiendo las mismas mentiras que se utilizaban en los gobiernos anteriores\u201d, se\u00f1al\u00f3.<\/p>\n<p>\u201cPrometiendo reuniones que al final las cancelan y luego ya no se vuelven a establecer fechas para llevarlas a cabo, pero que al final tambi\u00e9n se planteaba que pod\u00edamos seguir cobrando lo que provisionalmente nosotros hemos se\u00f1alado como una tarifa provisional que esta s\u00ed se acerca un poco m\u00e1s a lo que realmente tendr\u00eda que ser una actualizaci\u00f3n de tarifa\u201d, agreg\u00f3.<\/p>\n<p>La falta de regulaci\u00f3n ha generado problemas de seguridad, con taxistas &#8220;clonados&#8221;, involucrados en cuestiones de violencia, por lo que advirti\u00f3 que si el gobierno no toma medidas para regular el transporte p\u00fablico, podr\u00edan perder el control de la situaci\u00f3n.<\/p>\n<p>\u201cProbablemente a principios del pr\u00f3ximo a\u00f1o van a perder el control, el poco control que todav\u00eda tienen por ejemplo, que en Xalapa est\u00e9n apareciendo modalidades que no existen y que adem\u00e1s ponen en riesgo a la poblaci\u00f3n como son las mototaxis, digo, en plena capital, en donde est\u00e1 la direcci\u00f3n de transporte, donde est\u00e1n los poderes estatales. \u00bfEst\u00e1 pasando esto? Pues imag\u00ednense qu\u00e9 pasa en los lugares m\u00e1s alejados\u201d, inform\u00f3.<\/p>\n<p>\u201cEntonces, si no son ni siquiera capaces en la capital de poner orden, hay clonados y hay clonados en todas partes, modalidades que no existen, como las mototaxis, hay plataformas que no est\u00e1n reguladas, digo, con todo este desastre de milagro, todav\u00eda siguen sosteniendo un poco todav\u00eda el control del transporte y que lo van a perder totalmente, o probablemente<br \/>\nesa sea la intenci\u00f3n para impulsar como proyecto, por ejemplo, los autobuses el\u00e9ctricos que ahora est\u00e1n impulsando o pretende impulsarse en el puerto de Veracruz\u201d, dijo en entrevista.<\/p>\n<p>El representante de los taxistas hizo un llamado a las autoridades para que trabajen conjuntamente con las organizaciones de taxistas para encontrar una soluci\u00f3n al problema, enfatiz\u00f3 la necesidad de establecer mesas de trabajo para discutir la tarifa y regular el transporte p\u00fablico en el estado.<\/p>\n<p>Finalmente se\u00f1al\u00f3 que, \u201cmuy complicada porque para lo que est\u00e1 regulado hay una presi\u00f3n muy fuerte por parte de los clonados porque no se est\u00e1 actuando en contra de ellos, porque no se est\u00e1 actuando en contra de estas modalidades que no existen, no se est\u00e1 actuando en contra de las plataformas, pero pues a los regulados de alguna manera, a ellos s\u00ed se les presiona y se les exige\u201d.<\/p>\n","protected":false},"excerpt":{"rendered":"<p>Dar\u00edo Pale Xalapa, Ver.- El representante de los taxistas independientes GRITO de la regi\u00f3n de Orizaba, de C\u00f3rdoba y de Tierra Blanca, Jairo Guarneros Sosa, denunci\u00f3 la falta de di\u00e1logo y regulaci\u00f3n en el transporte p\u00fablico en el estado de Veracruz. Guarneros Sosa afirm\u00f3 que las tarifas actuales son ileg\u00edtimas y no reflejan la realidad [&hellip;]<\/p>\n","protected":false},"author":2476,"featured_media":71730,"comment_status":"open","ping_status":"open","sticky":false,"template":"","format":"standard","meta":{"_jetpack_memberships_contains_paid_content":false,"footnotes":""},"categories":[2],"tags":[],"class_list":["post-71729","post","type-post","status-publish","format-standard","has-post-thumbnail","hentry","category-estado"],"jetpack_featured_media_url":"https:\/\/encuentroinformativo.com.mx\/wp-content\/uploads\/2025\/10\/IMG-20251008-WA00782.jpg","jetpack_sharing_enabled":true,"jetpack_likes_enabled":true,"amp_enabled":true,"_links":{"self":[{"href":"https:\/\/encuentroinformativo.com.mx\/index.php?rest_route=\/wp\/v2\/posts\/71729","targetHints":{"allow":["GET"]}}],"collection":[{"href":"https:\/\/encuentroinformativo.com.mx\/index.php?rest_route=\/wp\/v2\/posts"}],"about":[{"href":"https:\/\/encuentroinformativo.com.mx\/index.php?rest_route=\/wp\/v2\/types\/post"}],"author":[{"embeddable":true,"href":"https:\/\/encuentroinformativo.com.mx\/index.php?rest_route=\/wp\/v2\/users\/2476"}],"replies":[{"embeddable":true,"href":"https:\/\/encuentroinformativo.com.mx\/index.php?rest_route=%2Fwp%2Fv2%2Fcomments&post=71729"}],"version-history":[{"count":2,"href":"https:\/\/encuentroinformativo.com.mx\/index.php?rest_route=\/wp\/v2\/posts\/71729\/revisions"}],"predecessor-version":[{"id":71732,"href":"https:\/\/encuentroinformativo.com.mx\/index.php?rest_route=\/wp\/v2\/posts\/71729\/revisions\/71732"}],"wp:featuredmedia":[{"embeddable":true,"href":"https:\/\/encuentroinformativo.com.mx\/index.php?rest_route=\/wp\/v2\/media\/71730"}],"wp:attachment":[{"href":"https:\/\/encuentroinformativo.com.mx\/index.php?rest_route=%2Fwp%2Fv2%2Fmedia&parent=71729"}],"wp:term":[{"taxonomy":"category","embeddable":true,"href":"https:\/\/encuentroinformativo.com.mx\/index.php?rest_route=%2Fwp%2Fv2%2Fcategories&post=71729"},{"taxonomy":"post_tag","embeddable":true,"href":"https:\/\/encuentroinformativo.com.mx\/index.php?rest_route=%2Fwp%2Fv2%2Ftags&post=71729"}],"curies":[{"name":"wp","href":"https:\/\/api.w.org\/{rel}","templated":true}]}}