{"id":71733,"date":"2025-10-08T12:21:24","date_gmt":"2025-10-08T18:21:24","guid":{"rendered":"https:\/\/encuentroinformativo.com.mx\/?p=71733"},"modified":"2025-10-08T12:21:24","modified_gmt":"2025-10-08T18:21:24","slug":"aumenta-el-interes-de-jovenes-para-realizar-corto-y-largometrajes-cineteca-veracruz","status":"publish","type":"post","link":"https:\/\/encuentroinformativo.com.mx\/?p=71733","title":{"rendered":"Aumenta el inter\u00e9s de j\u00f3venes para realizar corto y largometrajes: Cineteca Veracruz"},"content":{"rendered":"<p><strong>Alejandro \u00c1vila<\/strong><\/p>\n<p>Veracruz, Ver.- Tras el \u00e9xito de la Cuarta Muestra de la Cineteca Veracruz, el director del evento, Gustavo Vega, confirm\u00f3 el aumento de inter\u00e9s de los j\u00f3venes veracruzanos por realizar corto y largometrajes.<\/p>\n<p>&#8220;Afortunadamente cada a\u00f1o recibimos m\u00e1s propuestas, este a\u00f1o recibimos alrededor de 300 propuestas entre cortometrajes y largometrajes, tuvimos que hacer una selecci\u00f3n, estamos presentando cerca de 60 t\u00edtulos&#8221;, detall\u00f3<\/p>\n<p>Estos trabajos fueron presentados en la reci\u00e9n culminada Cuarta Muestra de la Cineteca Veracruz, y tambi\u00e9n se presentar\u00e1n en pr\u00f3ximos d\u00edas en el Festival Internacional Cervantino en Guanajuato, donde Veracruz es el Estado invitado.<\/p>\n<p>&#8220;Recibimos cada a\u00f1o m\u00e1s propuestas, tanto de voluntarios, hay mucha gente interesada en el proyecto, tambi\u00e9n tuvimos que hacer una selecci\u00f3n de voluntarios porque tampoco podemos recibir a todos, pero cada a\u00f1o la gente se ha interesado, m\u00e1s patrocinadores m\u00e1s voluntarios, m\u00e1s pel\u00edculas y estamos muy contentos de hacerlo cada a\u00f1o&#8221;, expres\u00f3.<\/p>\n<p>Gustavo D\u00edaz, dijo que Cineteca Veracruz apoya al talento veracruzano y brinda asesor\u00edas y difusi\u00f3n a sus trabajos.<\/p>\n<p>&#8220;Los j\u00f3venes que han venido con nosotros se interesan, han salido crews de producci\u00f3n de aqu\u00ed de los voluntariados, ya han hecho algunas pel\u00edculas y cortometrajes en sus escuelas, y platicamos, damos asesor\u00edas, vemos las pel\u00edculas. Lo que genera la Muestra es un ambiente de cine en todos los aspectos&#8221;, culmin\u00f3.<\/p>\n","protected":false},"excerpt":{"rendered":"<p>Alejandro \u00c1vila Veracruz, Ver.- Tras el \u00e9xito de la Cuarta Muestra de la Cineteca Veracruz, el director del evento, Gustavo Vega, confirm\u00f3 el aumento de inter\u00e9s de los j\u00f3venes veracruzanos por realizar corto y largometrajes. &#8220;Afortunadamente cada a\u00f1o recibimos m\u00e1s propuestas, este a\u00f1o recibimos alrededor de 300 propuestas entre cortometrajes y largometrajes, tuvimos que hacer [&hellip;]<\/p>\n","protected":false},"author":2476,"featured_media":71734,"comment_status":"open","ping_status":"open","sticky":false,"template":"","format":"standard","meta":{"_jetpack_memberships_contains_paid_content":false,"footnotes":""},"categories":[2],"tags":[],"class_list":["post-71733","post","type-post","status-publish","format-standard","has-post-thumbnail","hentry","category-estado"],"jetpack_featured_media_url":"https:\/\/encuentroinformativo.com.mx\/wp-content\/uploads\/2025\/10\/IMG-20251008-WA0091.jpg","jetpack_sharing_enabled":true,"jetpack_likes_enabled":true,"amp_enabled":true,"_links":{"self":[{"href":"https:\/\/encuentroinformativo.com.mx\/index.php?rest_route=\/wp\/v2\/posts\/71733","targetHints":{"allow":["GET"]}}],"collection":[{"href":"https:\/\/encuentroinformativo.com.mx\/index.php?rest_route=\/wp\/v2\/posts"}],"about":[{"href":"https:\/\/encuentroinformativo.com.mx\/index.php?rest_route=\/wp\/v2\/types\/post"}],"author":[{"embeddable":true,"href":"https:\/\/encuentroinformativo.com.mx\/index.php?rest_route=\/wp\/v2\/users\/2476"}],"replies":[{"embeddable":true,"href":"https:\/\/encuentroinformativo.com.mx\/index.php?rest_route=%2Fwp%2Fv2%2Fcomments&post=71733"}],"version-history":[{"count":1,"href":"https:\/\/encuentroinformativo.com.mx\/index.php?rest_route=\/wp\/v2\/posts\/71733\/revisions"}],"predecessor-version":[{"id":71735,"href":"https:\/\/encuentroinformativo.com.mx\/index.php?rest_route=\/wp\/v2\/posts\/71733\/revisions\/71735"}],"wp:featuredmedia":[{"embeddable":true,"href":"https:\/\/encuentroinformativo.com.mx\/index.php?rest_route=\/wp\/v2\/media\/71734"}],"wp:attachment":[{"href":"https:\/\/encuentroinformativo.com.mx\/index.php?rest_route=%2Fwp%2Fv2%2Fmedia&parent=71733"}],"wp:term":[{"taxonomy":"category","embeddable":true,"href":"https:\/\/encuentroinformativo.com.mx\/index.php?rest_route=%2Fwp%2Fv2%2Fcategories&post=71733"},{"taxonomy":"post_tag","embeddable":true,"href":"https:\/\/encuentroinformativo.com.mx\/index.php?rest_route=%2Fwp%2Fv2%2Ftags&post=71733"}],"curies":[{"name":"wp","href":"https:\/\/api.w.org\/{rel}","templated":true}]}}