{"id":71755,"date":"2025-10-08T16:09:33","date_gmt":"2025-10-08T22:09:33","guid":{"rendered":"https:\/\/encuentroinformativo.com.mx\/?p=71755"},"modified":"2025-10-08T16:09:33","modified_gmt":"2025-10-08T22:09:33","slug":"mantienen-alerta-en-misantla-por-creciente-de-rios","status":"publish","type":"post","link":"https:\/\/encuentroinformativo.com.mx\/?p=71755","title":{"rendered":"Mantienen alerta en Misantla por creciente de r\u00edos"},"content":{"rendered":"<p><strong>Dar\u00edo Pale<\/strong><\/p>\n<p>Xalapa, Ver.- La Unidad Municipal de Protecci\u00f3n Civil de Misantla ha emitido un reporte actualizado sobre el estado de las vialidades y el nivel de los r\u00edos en la regi\u00f3n, debido a las lluvias intensas que se esperan en los pr\u00f3ximos d\u00edas.<\/p>\n<p>El r\u00edo Palch\u00e1n presenta un incremento de 80 cent\u00edmetros sobre su nivel normal, aunque no representa riesgo de desbordamiento, la carretera Misantla-Mart\u00ednez de la Torre est\u00e1 interrumpida en el tramo que conecta a trav\u00e9s de Arroyo Hondo &#8211; Coapeche, a la altura de las comunidades Primavera y Colorado Chico, debido al aumento del nivel de los r\u00edos.<\/p>\n<p>Rutas Transitables, Misantla-Xalapa Abierta, pero con riesgo de posibles deslizamientos en zonas serranas, Misantla-Mart\u00ednez de la Torre (v\u00eda Zaragoza-Sarabia), sin reportes de cierre, Misantla-Vega de Alatorre (v\u00eda El Diamante), Yecuatla, Colipa, Juchique de Ferrer, Tenochtitl\u00e1n, Manuel Guti\u00e9rrez N\u00e1jera y Salvador D\u00edaz Mir\u00f3n, circulaci\u00f3n normal.<\/p>\n<p>La poblaci\u00f3n debe mantenerse atenta a los avisos oficiales y evitar zonas de riesgo, como r\u00edos, arroyos y laderas, durante las lluvias, &#8220;La prevenci\u00f3n salva vidas&#8221;, por lo que se invita a la ciudadan\u00eda a seguir los canales oficiales del Gobierno del Estado, Protecci\u00f3n Civil y el Ayuntamiento para mantenerse informados.<\/p>\n","protected":false},"excerpt":{"rendered":"<p>Dar\u00edo Pale Xalapa, Ver.- La Unidad Municipal de Protecci\u00f3n Civil de Misantla ha emitido un reporte actualizado sobre el estado de las vialidades y el nivel de los r\u00edos en la regi\u00f3n, debido a las lluvias intensas que se esperan en los pr\u00f3ximos d\u00edas. El r\u00edo Palch\u00e1n presenta un incremento de 80 cent\u00edmetros sobre su [&hellip;]<\/p>\n","protected":false},"author":2476,"featured_media":71756,"comment_status":"open","ping_status":"open","sticky":false,"template":"","format":"standard","meta":{"_jetpack_memberships_contains_paid_content":false,"footnotes":""},"categories":[2],"tags":[],"class_list":["post-71755","post","type-post","status-publish","format-standard","has-post-thumbnail","hentry","category-estado"],"jetpack_featured_media_url":"https:\/\/encuentroinformativo.com.mx\/wp-content\/uploads\/2025\/10\/IMG-20251008-WA0191.jpg","jetpack_sharing_enabled":true,"jetpack_likes_enabled":true,"amp_enabled":true,"_links":{"self":[{"href":"https:\/\/encuentroinformativo.com.mx\/index.php?rest_route=\/wp\/v2\/posts\/71755","targetHints":{"allow":["GET"]}}],"collection":[{"href":"https:\/\/encuentroinformativo.com.mx\/index.php?rest_route=\/wp\/v2\/posts"}],"about":[{"href":"https:\/\/encuentroinformativo.com.mx\/index.php?rest_route=\/wp\/v2\/types\/post"}],"author":[{"embeddable":true,"href":"https:\/\/encuentroinformativo.com.mx\/index.php?rest_route=\/wp\/v2\/users\/2476"}],"replies":[{"embeddable":true,"href":"https:\/\/encuentroinformativo.com.mx\/index.php?rest_route=%2Fwp%2Fv2%2Fcomments&post=71755"}],"version-history":[{"count":1,"href":"https:\/\/encuentroinformativo.com.mx\/index.php?rest_route=\/wp\/v2\/posts\/71755\/revisions"}],"predecessor-version":[{"id":71757,"href":"https:\/\/encuentroinformativo.com.mx\/index.php?rest_route=\/wp\/v2\/posts\/71755\/revisions\/71757"}],"wp:featuredmedia":[{"embeddable":true,"href":"https:\/\/encuentroinformativo.com.mx\/index.php?rest_route=\/wp\/v2\/media\/71756"}],"wp:attachment":[{"href":"https:\/\/encuentroinformativo.com.mx\/index.php?rest_route=%2Fwp%2Fv2%2Fmedia&parent=71755"}],"wp:term":[{"taxonomy":"category","embeddable":true,"href":"https:\/\/encuentroinformativo.com.mx\/index.php?rest_route=%2Fwp%2Fv2%2Fcategories&post=71755"},{"taxonomy":"post_tag","embeddable":true,"href":"https:\/\/encuentroinformativo.com.mx\/index.php?rest_route=%2Fwp%2Fv2%2Ftags&post=71755"}],"curies":[{"name":"wp","href":"https:\/\/api.w.org\/{rel}","templated":true}]}}