{"id":71762,"date":"2025-10-08T16:38:02","date_gmt":"2025-10-08T22:38:02","guid":{"rendered":"https:\/\/encuentroinformativo.com.mx\/?p=71762"},"modified":"2025-10-08T16:38:02","modified_gmt":"2025-10-08T22:38:02","slug":"tragico-accidente-en-la-autopista-la-tinaja-cosoleacaque","status":"publish","type":"post","link":"https:\/\/encuentroinformativo.com.mx\/?p=71762","title":{"rendered":"Tr\u00e1gico accidente en la autopista La Tinaja\u2013Cosoleacaque"},"content":{"rendered":"<p><strong>Jos\u00e9 Vargas<\/strong><\/p>\n<p>Juan Rodr\u00edguez Clara, Ver.- La madrugada de este mi\u00e9rcoles se registr\u00f3 un accidente fatal sobre la autopista La Tinaja\u2013Cosamaloapan, a la altura del kil\u00f3metro 139, donde un tractocami\u00f3n termin\u00f3 sin control dejando como saldo una persona fallecida y otra lesionada.<\/p>\n<p>De acuerdo con los informes preliminares, el conductor perdi\u00f3 el control de la pesada unidad, presuntamente a causa de las adversas condiciones del camino, la lluvia constante y la presencia de l\u00edquidos derramados sobre la carpeta asf\u00e1ltica.<\/p>\n<p>La circulaci\u00f3n permanece cerrada con direcci\u00f3n a Cosamaloapan, mientras personal de la Guardia Nacional y CAPUFE realiza maniobras en el \u00e1rea, en espera de la llegada de Servicios Periciales para llevar a cabo las diligencias correspondientes y retirar la unidad siniestrada.<\/p>\n<p>Autoridades de vialidad exhortan a los conductores a extremar precauciones, ya que las condiciones clim\u00e1ticas y el mal estado del pavimento contin\u00faan representando un riesgo en varios tramos de esta autopista.<\/p>\n<p><img loading=\"lazy\" decoding=\"async\" class=\"size-medium wp-image-71764 aligncenter\" src=\"https:\/\/encuentroinformativo.com.mx\/wp-content\/uploads\/2025\/10\/IMG-20251008-WA0153-300x225.jpg\" alt=\"\" width=\"300\" height=\"225\" srcset=\"https:\/\/encuentroinformativo.com.mx\/wp-content\/uploads\/2025\/10\/IMG-20251008-WA0153-300x225.jpg 300w, https:\/\/encuentroinformativo.com.mx\/wp-content\/uploads\/2025\/10\/IMG-20251008-WA0153.jpg 600w\" sizes=\"auto, (max-width: 300px) 100vw, 300px\" \/><\/p>\n","protected":false},"excerpt":{"rendered":"<p>Jos\u00e9 Vargas Juan Rodr\u00edguez Clara, Ver.- La madrugada de este mi\u00e9rcoles se registr\u00f3 un accidente fatal sobre la autopista La Tinaja\u2013Cosamaloapan, a la altura del kil\u00f3metro 139, donde un tractocami\u00f3n termin\u00f3 sin control dejando como saldo una persona fallecida y otra lesionada. De acuerdo con los informes preliminares, el conductor perdi\u00f3 el control de la [&hellip;]<\/p>\n","protected":false},"author":2476,"featured_media":71763,"comment_status":"open","ping_status":"open","sticky":false,"template":"","format":"standard","meta":{"_jetpack_memberships_contains_paid_content":false,"footnotes":""},"categories":[2],"tags":[],"class_list":["post-71762","post","type-post","status-publish","format-standard","has-post-thumbnail","hentry","category-estado"],"jetpack_featured_media_url":"https:\/\/encuentroinformativo.com.mx\/wp-content\/uploads\/2025\/10\/IMG-20251008-WA0152.jpg","jetpack_sharing_enabled":true,"jetpack_likes_enabled":true,"amp_enabled":true,"_links":{"self":[{"href":"https:\/\/encuentroinformativo.com.mx\/index.php?rest_route=\/wp\/v2\/posts\/71762","targetHints":{"allow":["GET"]}}],"collection":[{"href":"https:\/\/encuentroinformativo.com.mx\/index.php?rest_route=\/wp\/v2\/posts"}],"about":[{"href":"https:\/\/encuentroinformativo.com.mx\/index.php?rest_route=\/wp\/v2\/types\/post"}],"author":[{"embeddable":true,"href":"https:\/\/encuentroinformativo.com.mx\/index.php?rest_route=\/wp\/v2\/users\/2476"}],"replies":[{"embeddable":true,"href":"https:\/\/encuentroinformativo.com.mx\/index.php?rest_route=%2Fwp%2Fv2%2Fcomments&post=71762"}],"version-history":[{"count":1,"href":"https:\/\/encuentroinformativo.com.mx\/index.php?rest_route=\/wp\/v2\/posts\/71762\/revisions"}],"predecessor-version":[{"id":71765,"href":"https:\/\/encuentroinformativo.com.mx\/index.php?rest_route=\/wp\/v2\/posts\/71762\/revisions\/71765"}],"wp:featuredmedia":[{"embeddable":true,"href":"https:\/\/encuentroinformativo.com.mx\/index.php?rest_route=\/wp\/v2\/media\/71763"}],"wp:attachment":[{"href":"https:\/\/encuentroinformativo.com.mx\/index.php?rest_route=%2Fwp%2Fv2%2Fmedia&parent=71762"}],"wp:term":[{"taxonomy":"category","embeddable":true,"href":"https:\/\/encuentroinformativo.com.mx\/index.php?rest_route=%2Fwp%2Fv2%2Fcategories&post=71762"},{"taxonomy":"post_tag","embeddable":true,"href":"https:\/\/encuentroinformativo.com.mx\/index.php?rest_route=%2Fwp%2Fv2%2Ftags&post=71762"}],"curies":[{"name":"wp","href":"https:\/\/api.w.org\/{rel}","templated":true}]}}