{"id":71772,"date":"2025-10-08T18:27:46","date_gmt":"2025-10-09T00:27:46","guid":{"rendered":"https:\/\/encuentroinformativo.com.mx\/?p=71772"},"modified":"2025-10-08T18:27:46","modified_gmt":"2025-10-09T00:27:46","slug":"movimiento-ciudadano-veracruz-se-fortalece-con-unidad-y-valentia-luis-carbonell","status":"publish","type":"post","link":"https:\/\/encuentroinformativo.com.mx\/?p=71772","title":{"rendered":"Movimiento Ciudadano Veracruz se fortalece con unidad y valent\u00eda: Luis Carbonell"},"content":{"rendered":"<p>Xalapa, Ver.- La ma\u00f1ana de este mi\u00e9rcoles, los liderazgos de Movimiento Ciudadano en Veracruz se dieron cita para agradecer a su militancia y renovar el compromiso con un proyecto que, en palabras de Luis Carbonell de la Hoz, \u201cya cambi\u00f3 a Veracruz\u2026 y tambi\u00e9n nos cambi\u00f3 a nosotros\u201d.<\/p>\n<p>En un evento lleno de energ\u00eda y convicci\u00f3n, Carbonell dirigi\u00f3 un mensaje emotivo a todas y todos los que han construido esta alternativa ciudadana:<\/p>\n<p>\u201cGracias a ustedes, hoy podemos decir con orgullo que Morena no es invencible. Gracias por no rendirse, por caminar juntos, por creer que s\u00ed se puede cambiar el rumbo de Veracruz\u201d.<\/p>\n<p>El coordinador estatal tambi\u00e9n hizo un llamado urgente a la valent\u00eda y coherencia frente a los desaf\u00edos que enfrentan municipios como Papantla y Poza Rica:<\/p>\n<p>\u201cHay que ser valientes, hay que ser congruentes. Para luchar por un Veracruz lastimado, debemos ser un ejemplo de dignidad y lucha. No nos vamos a dejar\u201d.<\/p>\n<p>Durante el encuentro, Dante Alfonso Delgado record\u00f3 que Movimiento Ciudadano no es solo un partido, sino una familia. En momentos dif\u00edciles -dijo-, \u201cel apoyo mutuo, la solidaridad y la unidad deben ser nuestro mayor valor\u201d.<\/p>\n<p>Todos coincidieron en que este movimiento no debe detenerse. La mirada est\u00e1 puesta en 2027, pero el coraz\u00f3n ya late por 2030: gobernar con altura, con honestidad y con grandeza.<\/p>\n<p>El momento m\u00e1s emotivo lleg\u00f3 cuando Carbonell reconoci\u00f3 la lucha que sigue en Papantla y Poza Rica:<\/p>\n<p>\u201cMariano, Emilio, ustedes son un ejemplo. Porque Papantla y Poza Rica decidieron. Los delincuentes van a pagar. Ustedes van a gobernar. Y tengan la certeza: no los vamos a abandonar\u201d.<\/p>\n<p>Hoy Movimiento Ciudadano reafirma que el cambio no solo es posible: ya comenz\u00f3.<\/p>\n<p>A su vez, la diputada Elena C\u00f3rdova rindi\u00f3 un informe sobre su labor como diputada y vicecoordinadora nacional de diputadas y diputados locales.<\/p>\n<p>Entre los asistentes estuvieron figuras clave del movimiento, Agust\u00edn Torres, secretario general de acuerdos nacional, Sergio Gil Rull\u00e1n, diputado federal, Lety Hern\u00e1ndez Miranda, secretaria t\u00e9cnica del consejo estatal, Jessica Ortega de la Cruz, presidenta del Consejo Nacional.<\/p>\n<p><img loading=\"lazy\" decoding=\"async\" class=\"aligncenter size-medium wp-image-71774\" src=\"https:\/\/encuentroinformativo.com.mx\/wp-content\/uploads\/2025\/10\/IMG-20251008-WA0306-300x200.jpg\" alt=\"\" width=\"300\" height=\"200\" srcset=\"https:\/\/encuentroinformativo.com.mx\/wp-content\/uploads\/2025\/10\/IMG-20251008-WA0306-300x200.jpg 300w, https:\/\/encuentroinformativo.com.mx\/wp-content\/uploads\/2025\/10\/IMG-20251008-WA0306-1024x684.jpg 1024w, https:\/\/encuentroinformativo.com.mx\/wp-content\/uploads\/2025\/10\/IMG-20251008-WA0306-768x513.jpg 768w, https:\/\/encuentroinformativo.com.mx\/wp-content\/uploads\/2025\/10\/IMG-20251008-WA0306.jpg 1280w\" sizes=\"auto, (max-width: 300px) 100vw, 300px\" \/><\/p>\n","protected":false},"excerpt":{"rendered":"<p>Xalapa, Ver.- La ma\u00f1ana de este mi\u00e9rcoles, los liderazgos de Movimiento Ciudadano en Veracruz se dieron cita para agradecer a su militancia y renovar el compromiso con un proyecto que, en palabras de Luis Carbonell de la Hoz, \u201cya cambi\u00f3 a Veracruz\u2026 y tambi\u00e9n nos cambi\u00f3 a nosotros\u201d. En un evento lleno de energ\u00eda y [&hellip;]<\/p>\n","protected":false},"author":2476,"featured_media":71773,"comment_status":"open","ping_status":"open","sticky":false,"template":"","format":"standard","meta":{"_jetpack_memberships_contains_paid_content":false,"footnotes":""},"categories":[2],"tags":[],"class_list":["post-71772","post","type-post","status-publish","format-standard","has-post-thumbnail","hentry","category-estado"],"jetpack_featured_media_url":"https:\/\/encuentroinformativo.com.mx\/wp-content\/uploads\/2025\/10\/IMG-20251008-WA0309.jpg","jetpack_sharing_enabled":true,"jetpack_likes_enabled":true,"amp_enabled":true,"_links":{"self":[{"href":"https:\/\/encuentroinformativo.com.mx\/index.php?rest_route=\/wp\/v2\/posts\/71772","targetHints":{"allow":["GET"]}}],"collection":[{"href":"https:\/\/encuentroinformativo.com.mx\/index.php?rest_route=\/wp\/v2\/posts"}],"about":[{"href":"https:\/\/encuentroinformativo.com.mx\/index.php?rest_route=\/wp\/v2\/types\/post"}],"author":[{"embeddable":true,"href":"https:\/\/encuentroinformativo.com.mx\/index.php?rest_route=\/wp\/v2\/users\/2476"}],"replies":[{"embeddable":true,"href":"https:\/\/encuentroinformativo.com.mx\/index.php?rest_route=%2Fwp%2Fv2%2Fcomments&post=71772"}],"version-history":[{"count":1,"href":"https:\/\/encuentroinformativo.com.mx\/index.php?rest_route=\/wp\/v2\/posts\/71772\/revisions"}],"predecessor-version":[{"id":71775,"href":"https:\/\/encuentroinformativo.com.mx\/index.php?rest_route=\/wp\/v2\/posts\/71772\/revisions\/71775"}],"wp:featuredmedia":[{"embeddable":true,"href":"https:\/\/encuentroinformativo.com.mx\/index.php?rest_route=\/wp\/v2\/media\/71773"}],"wp:attachment":[{"href":"https:\/\/encuentroinformativo.com.mx\/index.php?rest_route=%2Fwp%2Fv2%2Fmedia&parent=71772"}],"wp:term":[{"taxonomy":"category","embeddable":true,"href":"https:\/\/encuentroinformativo.com.mx\/index.php?rest_route=%2Fwp%2Fv2%2Fcategories&post=71772"},{"taxonomy":"post_tag","embeddable":true,"href":"https:\/\/encuentroinformativo.com.mx\/index.php?rest_route=%2Fwp%2Fv2%2Ftags&post=71772"}],"curies":[{"name":"wp","href":"https:\/\/api.w.org\/{rel}","templated":true}]}}