{"id":71782,"date":"2025-10-09T09:42:57","date_gmt":"2025-10-09T15:42:57","guid":{"rendered":"https:\/\/encuentroinformativo.com.mx\/?p=71782"},"modified":"2025-10-09T09:42:57","modified_gmt":"2025-10-09T15:42:57","slug":"roman-al-27","status":"publish","type":"post","link":"https:\/\/encuentroinformativo.com.mx\/?p=71782","title":{"rendered":"ROM\u00c1N, AL 27"},"content":{"rendered":"<p dir=\"ltr\"><strong>Los Pol\u00edticos<\/strong><\/p>\n<p dir=\"ltr\"><strong>Salvador Mu\u00f1oz<\/strong><\/p>\n<p dir=\"ltr\">Presum\u00eda en redes, hace ya algunas semanas Rom\u00e1n Moreno, el haber bajado si no mal recuerdo, una decena de kilos luego de haberse puesto a dieta\u2026 huy! As\u00ed qui\u00e9n no! Los baj\u00f3 porque le hab\u00edan cerrado la taquer\u00eda! El pinche estr\u00e9s!<\/p>\n<p dir=\"ltr\">Afortunadamente para Rom\u00e1n Moreno, hay dos noticias buenas: ya pudo reabrir su restaurante y por las fotos que ha subido entr\u00e1ndole duro a los tacos, recuper\u00f3 y hasta con creces, los kilos perdidos\u2026<\/p>\n<p dir=\"ltr\">No se crean\u2026 es chillis\u2026 (qu\u00e9 tal mi l\u00e9xico h\u00edbrido, mezcla de espa\u00f1ol con slang gringo!)<\/p>\n<p dir=\"ltr\">Lo cierto es que el partido naranja ya lo anuncia como el pr\u00f3ximo dirigente municipal en Xalapa de Movimiento Ciudadano, lo que en buen cristiano significa que hay candidato para el 2027 por la curul local. Es como parte de los Usos y Costumbres de MC como para que los aspirantes le echen ganas y le inviertan, m\u00e1s cuando las condiciones econ\u00f3micas del partido, por poco le ponen un letrero de \u201cSe vende\u201d al edificio de L\u00e1zaro C\u00e1rdenas.<\/p>\n<p dir=\"ltr\">No puedo decir lo mismo de Ra\u00fal D\u00edaz Diez, el reci\u00e9n designado secretario de Vinculaci\u00f3n y Participaci\u00f3n Ciudadana del MC veracruzano. Ah\u00ed no tengo la certeza de que ello sea el pasaporte para aspirar a una candidatura de este ex pri\u00edsta a quien de seguro, le han de llover cr\u00edticas por su pasado partidista\u2026 \u00a1Vamos! Recordemos que el ADN de la mayor\u00eda de los pol\u00edticos es pri\u00edsta\u2026 si no, preg\u00fantenle al mismo Dante Delgado o para no ir tan lejos, al mismo Luis Carbonell de la Hoz.<\/p>\n<p dir=\"ltr\">Dijera el mismo Dante, la pol\u00edtica no es, va siendo y le agregamos, y los pol\u00edticos se van haciendo\u2026 as\u00ed que no nos extra\u00f1e que en breve, en una de \u00e9sas, veamos entre las recientes adquisiciones del partido naranja \u00bfa un verde? Como Daniel Fern\u00e1ndez Carri\u00f3n\u2026<\/p>\n<p dir=\"ltr\">Por lo mientras, Rom\u00e1n Moreno, el Taquero Mucho de Xalapa, ya se apuntala rumbo al 2027\u2026<\/p>\n<p dir=\"ltr\">Por cierto, otro empresario o mejor dicho, otro pol\u00edtico metido a empresario, igual ya anda buscando amarres, acuerdos y equipo para ir en pos de la curul local\u2026 se trata del Varadero Sergio Hern\u00e1ndez, quien recientemente no pudo colocarse como consejero\u2026 ni su pap\u00e1 ni su cuate Pedro Alvarado\u2026<\/p>\n<p dir=\"ltr\">Volviendo a los naranjas, con este movimiento de Rom\u00e1n Moreno todo indica que en una de \u00e9sas, Luis Carbonell podr\u00eda pedir la pluri\u2026 o Dante\u2026 o Sergio\u2026<\/p>\n<p dir=\"ltr\">COMPETENCIA A \u201cREGENERACI\u00d3N\u201d<\/p>\n<p dir=\"ltr\">En aras de que la raza veracruzana conozca de otra forma el trabajo que hacen sus diputados morenos en el Congreso local, se cuenta que en breve han de lanzar un peri\u00f3dico legislativo tipo \u201cRegeneraci\u00f3n\u201d, o como dijera Diego Casta\u00f1eda, ac\u00e1 en confianza, tipo \u201cGolfo Info\u201d, as\u00ed como para recordar sus tiempos en los asuntos de los medios impresos.<\/p>\n","protected":false},"excerpt":{"rendered":"<p>Los Pol\u00edticos Salvador Mu\u00f1oz Presum\u00eda en redes, hace ya algunas semanas Rom\u00e1n Moreno, el haber bajado si no mal recuerdo, una decena de kilos luego de haberse puesto a dieta\u2026 huy! As\u00ed qui\u00e9n no! Los baj\u00f3 porque le hab\u00edan cerrado la taquer\u00eda! El pinche estr\u00e9s! Afortunadamente para Rom\u00e1n Moreno, hay dos noticias buenas: ya pudo [&hellip;]<\/p>\n","protected":false},"author":2476,"featured_media":387,"comment_status":"open","ping_status":"open","sticky":false,"template":"","format":"standard","meta":{"_jetpack_memberships_contains_paid_content":false,"footnotes":""},"categories":[11],"tags":[],"class_list":["post-71782","post","type-post","status-publish","format-standard","has-post-thumbnail","hentry","category-opinion"],"jetpack_featured_media_url":"https:\/\/encuentroinformativo.com.mx\/wp-content\/uploads\/2020\/03\/7CF8A22B-2764-47BE-8F7F-38FE9E5D6A2F.jpeg","jetpack_sharing_enabled":true,"jetpack_likes_enabled":true,"amp_enabled":true,"_links":{"self":[{"href":"https:\/\/encuentroinformativo.com.mx\/index.php?rest_route=\/wp\/v2\/posts\/71782","targetHints":{"allow":["GET"]}}],"collection":[{"href":"https:\/\/encuentroinformativo.com.mx\/index.php?rest_route=\/wp\/v2\/posts"}],"about":[{"href":"https:\/\/encuentroinformativo.com.mx\/index.php?rest_route=\/wp\/v2\/types\/post"}],"author":[{"embeddable":true,"href":"https:\/\/encuentroinformativo.com.mx\/index.php?rest_route=\/wp\/v2\/users\/2476"}],"replies":[{"embeddable":true,"href":"https:\/\/encuentroinformativo.com.mx\/index.php?rest_route=%2Fwp%2Fv2%2Fcomments&post=71782"}],"version-history":[{"count":1,"href":"https:\/\/encuentroinformativo.com.mx\/index.php?rest_route=\/wp\/v2\/posts\/71782\/revisions"}],"predecessor-version":[{"id":71783,"href":"https:\/\/encuentroinformativo.com.mx\/index.php?rest_route=\/wp\/v2\/posts\/71782\/revisions\/71783"}],"wp:featuredmedia":[{"embeddable":true,"href":"https:\/\/encuentroinformativo.com.mx\/index.php?rest_route=\/wp\/v2\/media\/387"}],"wp:attachment":[{"href":"https:\/\/encuentroinformativo.com.mx\/index.php?rest_route=%2Fwp%2Fv2%2Fmedia&parent=71782"}],"wp:term":[{"taxonomy":"category","embeddable":true,"href":"https:\/\/encuentroinformativo.com.mx\/index.php?rest_route=%2Fwp%2Fv2%2Fcategories&post=71782"},{"taxonomy":"post_tag","embeddable":true,"href":"https:\/\/encuentroinformativo.com.mx\/index.php?rest_route=%2Fwp%2Fv2%2Ftags&post=71782"}],"curies":[{"name":"wp","href":"https:\/\/api.w.org\/{rel}","templated":true}]}}