{"id":71792,"date":"2025-10-09T14:02:11","date_gmt":"2025-10-09T20:02:11","guid":{"rendered":"https:\/\/encuentroinformativo.com.mx\/?p=71792"},"modified":"2025-10-09T14:02:11","modified_gmt":"2025-10-09T20:02:11","slug":"musicos-veracruzanos-se-quedan-varados-en-viaje-al-cervantino","status":"publish","type":"post","link":"https:\/\/encuentroinformativo.com.mx\/?p=71792","title":{"rendered":"M\u00fasicos veracruzanos se quedan varados en viaje al Cervantino"},"content":{"rendered":"<p><strong>Alejandro \u00c1vila<\/strong><\/p>\n<p>Veracruz, Ver.- A tan solo unas horas de haber sido anunciados con bombo y platillo cuatro unidades de autobuses que llevar\u00edan a delegaciones de Veracruz a diversos puntos del pa\u00eds, una de ellas se descompuso y dej\u00f3 varados a los m\u00fasicos invitados al Festival Cervantino en Guanajuato.<\/p>\n<p>Los artistas, que partieron la madrugada de este martes, relataron que el veh\u00edculo present\u00f3 una explosi\u00f3n en el sistema del aire acondicionado mientras circulaban por carretera, lo que los oblig\u00f3 a detenerse a mitad del camino. En videos difundidos por los propios m\u00fasicos, denunciaron las condiciones del transporte y la falta de apoyo inmediato por parte de las autoridades.<\/p>\n<p>\u201cDesde las tres de la ma\u00f1ana fuimos citados en un cami\u00f3n que al parecer estaba en bodega. Le explot\u00f3 algo del clima y estamos expuestos en una situaci\u00f3n complicada\u201d, relat\u00f3 una de las participantes.<\/p>\n<p>&#8220;Hay menores y mujeres, y estamos en medio de la nada. Las condiciones est\u00e1n lejos de ser las mejores; el autob\u00fas sufri\u00f3 una explosi\u00f3n y pudo haber sido algo peor. Para las cantidades de dinero que manejan en los festivales no les hubiera costado nada rentar un veh\u00edculo en mejor estado\u201d, a\u00f1adi\u00f3.<\/p>\n<p>Otro integrante del grupo critic\u00f3 la falta de atenci\u00f3n y la precariedad con la que fueron enviados a representar al estado:<\/p>\n<p>\u201cM\u00e1s que de moda, Veracruz debe ser responsable. No es gracia: aqu\u00ed estamos tirados como perros, nos tienen como si fu\u00e9ramos un objeto que no vale nada\u201d.<\/p>\n<p>El percance ocurre el mismo diq que la gobernadora Roc\u00edo Nahle Garc\u00eda anunciara p\u00fablicamente la compra de cuatro autobuses de pasajeros rotulados con los colores y logotipos del Gobierno del Estado. Seg\u00fan explic\u00f3, la inversi\u00f3n buscaba evitar el gasto constante en rentas de transporte para delegaciones art\u00edsticas y deportivas.<\/p>\n<p>\u201cCompramos cuatro camiones de pasajeros que dicen Gobierno del Estado de Veracruz, los vamos a estrenar para mover a nuestros artistas y deportistas. Est\u00e1n muy bonitos, con figuras de jarochos, y estar\u00e1n trasladando esta semana a nuestros participantes\u201d, declar\u00f3 Nahle en entrevista radiof\u00f3nica el lunes 6 de octubre.<\/p>\n<p>Los veh\u00edculos ser\u00edan utilizados por primera vez precisamente para el traslado de los contingentes veracruzanos que participar\u00e1n en el Festival Internacional Cervantino, del 10 al 26 de octubre, en Guanajuato.<\/p>\n<p>Sin embargo, el desperfecto ocurrido durante su primer viaje ha generado cr\u00edticas en redes sociales sobre las condiciones mec\u00e1nicas de las unidades reci\u00e9n adquiridas y la falta de previsi\u00f3n en la log\u00edstica del traslado. Hasta el momento, el Gobierno de Veracruz no ha emitido una postura oficial sobre la falla reportada por los artistas.<\/p>\n","protected":false},"excerpt":{"rendered":"<p>Alejandro \u00c1vila Veracruz, Ver.- A tan solo unas horas de haber sido anunciados con bombo y platillo cuatro unidades de autobuses que llevar\u00edan a delegaciones de Veracruz a diversos puntos del pa\u00eds, una de ellas se descompuso y dej\u00f3 varados a los m\u00fasicos invitados al Festival Cervantino en Guanajuato. Los artistas, que partieron la madrugada [&hellip;]<\/p>\n","protected":false},"author":2476,"featured_media":71793,"comment_status":"open","ping_status":"open","sticky":false,"template":"","format":"standard","meta":{"_jetpack_memberships_contains_paid_content":false,"footnotes":""},"categories":[2],"tags":[],"class_list":["post-71792","post","type-post","status-publish","format-standard","has-post-thumbnail","hentry","category-estado"],"jetpack_featured_media_url":"https:\/\/encuentroinformativo.com.mx\/wp-content\/uploads\/2025\/10\/Screenshot_20251009-140022.png","jetpack_sharing_enabled":true,"jetpack_likes_enabled":true,"amp_enabled":true,"_links":{"self":[{"href":"https:\/\/encuentroinformativo.com.mx\/index.php?rest_route=\/wp\/v2\/posts\/71792","targetHints":{"allow":["GET"]}}],"collection":[{"href":"https:\/\/encuentroinformativo.com.mx\/index.php?rest_route=\/wp\/v2\/posts"}],"about":[{"href":"https:\/\/encuentroinformativo.com.mx\/index.php?rest_route=\/wp\/v2\/types\/post"}],"author":[{"embeddable":true,"href":"https:\/\/encuentroinformativo.com.mx\/index.php?rest_route=\/wp\/v2\/users\/2476"}],"replies":[{"embeddable":true,"href":"https:\/\/encuentroinformativo.com.mx\/index.php?rest_route=%2Fwp%2Fv2%2Fcomments&post=71792"}],"version-history":[{"count":1,"href":"https:\/\/encuentroinformativo.com.mx\/index.php?rest_route=\/wp\/v2\/posts\/71792\/revisions"}],"predecessor-version":[{"id":71794,"href":"https:\/\/encuentroinformativo.com.mx\/index.php?rest_route=\/wp\/v2\/posts\/71792\/revisions\/71794"}],"wp:featuredmedia":[{"embeddable":true,"href":"https:\/\/encuentroinformativo.com.mx\/index.php?rest_route=\/wp\/v2\/media\/71793"}],"wp:attachment":[{"href":"https:\/\/encuentroinformativo.com.mx\/index.php?rest_route=%2Fwp%2Fv2%2Fmedia&parent=71792"}],"wp:term":[{"taxonomy":"category","embeddable":true,"href":"https:\/\/encuentroinformativo.com.mx\/index.php?rest_route=%2Fwp%2Fv2%2Fcategories&post=71792"},{"taxonomy":"post_tag","embeddable":true,"href":"https:\/\/encuentroinformativo.com.mx\/index.php?rest_route=%2Fwp%2Fv2%2Ftags&post=71792"}],"curies":[{"name":"wp","href":"https:\/\/api.w.org\/{rel}","templated":true}]}}