{"id":71798,"date":"2025-10-09T15:05:16","date_gmt":"2025-10-09T21:05:16","guid":{"rendered":"https:\/\/encuentroinformativo.com.mx\/?p=71798"},"modified":"2025-10-09T15:05:18","modified_gmt":"2025-10-09T21:05:18","slug":"reporta-proteccion-civil-diversas-afectaciones-por-lluvias-en-la-zona-norte","status":"publish","type":"post","link":"https:\/\/encuentroinformativo.com.mx\/?p=71798","title":{"rendered":"Reporta Protecci\u00f3n Civil diversas afectaciones por lluvias en la zona norte"},"content":{"rendered":"<p><strong>Dar\u00edo Pale<\/strong><\/p>\n<p>Xalapa, Ver.- La Secretar\u00eda de Protecci\u00f3n Civil del estado de Veracruz Guadalupe Osorno Maldonado, ha reportado afectaciones en varias zonas del estado debido a las lluvias intensas, inform\u00f3 que se han establecido puestos de mando en Poza Rica y otros municipios para coordinar las acciones de emergencia.<\/p>\n<p>\u201cAyer en la tarde tuvimos los primeros incrementos de los r\u00edos y tuvimos el monitoreo del r\u00edo Filobobos, a la altura de Mart\u00ednez de la Torre, tambi\u00e9n del r\u00edo Nautla, el r\u00edo Tecolutla durante la tarde-noche, y el r\u00edo Cazones, por eso se estableci\u00f3 un puesto de mando en Poza Riza para la coordinaci\u00f3n tanto del incremento del r\u00edo Cazones como de las afectaciones que ya ten\u00edamos en la sierra del Totonacapan\u201d, se\u00f1al\u00f3.<\/p>\n<p>\u201cDurante la madrugada, el arroyo Estero del \u00cddolo y tambi\u00e9n el arroyo Oro Verde en el municipio de \u00c1lamo, en la cabecera municipal de \u00c1lamo, pues tuvo un incremento considerable, tenemos varias viviendas afectadas\u201d, agreg\u00f3.<\/p>\n<p>Se han activado refugios temporales en varios municipios, incluyendo Poza Rica y \u00c1lamo, donde se han resguardado m\u00e1s de 120 personas, se han reportado deslizamientos y entrada de agua en carreteras en la zona de Huayacocotla, la Guardia Nacional y el Ej\u00e9rcito Mexicano est\u00e1n apoyando en las labores de rescate y evacuaci\u00f3n.<\/p>\n<p>\u201cTenemos ocho refugios temporales en la zona norte, tres en Papantla, uno en Poza Rica, Tihuatl\u00e1n, tenemos tambi\u00e9n en \u00c1lamo, estamos coordinando todas las acciones y a partir de este momento se establecen tres puestos de mando\u201d, coment\u00f3.<\/p>\n<p>\u201cYa tenemos personas en los refugios, principalmente en el de \u00c1lamo, ya tenemos m\u00e1s de 120 personas refugiadas que afortunadamente decidieron salir de sus viviendas, mucha gente decide quedarse para salvaguardar sus bienes, decirles que precisamente ah\u00ed tienen un cuartel de Guardia Nacional que en la madrugada sali\u00f3 a auxiliar a las personas que est\u00e1n pendientes del tema de la seguridad y que con la Direcci\u00f3n Municipal de Protecci\u00f3n Civil, Guardia Nacional<br \/>\ny las dem\u00e1s fuerzas de tareas locales est\u00e1n ayudando a la evacuaci\u00f3n de las personas, en total debemos traer como entre 150 y 180, el dato es un poco inexacto porque precisamente nos van cayendo las referencias y se va modificando\u201d, inform\u00f3.<\/p>\n<p>Dio a conocer que van a establecer tres puestos de comando territoriales coordinados en un puesto de mando general, uno en \u00c1lamo, la zona de \u00c1lamo, Cerro Azul, en donde tiene conocimiento del rescate de algunas personas, la zona de Poza Rica, Papantla, para atender la sierra del Totonacapan, y uno m\u00e1s en la zona de Huayacocotla y precisamente esa zona de la Huasteca Baja.<\/p>\n<p>El r\u00edo Pantepec y los arroyos Estero del \u00cddolo y Oro Verde est\u00e1n desbordados en la cabecera municipal de \u00c1lamo, se han registrado incrementos en los r\u00edos Tecolutla y Cazones, no se han reportado v\u00edctimas fatales hasta el momento.<\/p>\n<p>La poblaci\u00f3n debe mantenerse informada a trav\u00e9s de los canales oficiales de Protecci\u00f3n Civil y seguir las indicaciones de las autoridades, se recomienda evitar zonas de riesgo y seguir las instrucciones de evacuaci\u00f3n en caso de ser necesario.<\/p>\n","protected":false},"excerpt":{"rendered":"<p>Dar\u00edo Pale Xalapa, Ver.- La Secretar\u00eda de Protecci\u00f3n Civil del estado de Veracruz Guadalupe Osorno Maldonado, ha reportado afectaciones en varias zonas del estado debido a las lluvias intensas, inform\u00f3 que se han establecido puestos de mando en Poza Rica y otros municipios para coordinar las acciones de emergencia. \u201cAyer en la tarde tuvimos los [&hellip;]<\/p>\n","protected":false},"author":2476,"featured_media":71799,"comment_status":"open","ping_status":"open","sticky":false,"template":"","format":"standard","meta":{"_jetpack_memberships_contains_paid_content":false,"footnotes":""},"categories":[2],"tags":[],"class_list":["post-71798","post","type-post","status-publish","format-standard","has-post-thumbnail","hentry","category-estado"],"jetpack_featured_media_url":"https:\/\/encuentroinformativo.com.mx\/wp-content\/uploads\/2025\/10\/IMG-20251009-WA0114.jpg","jetpack_sharing_enabled":true,"jetpack_likes_enabled":true,"amp_enabled":true,"_links":{"self":[{"href":"https:\/\/encuentroinformativo.com.mx\/index.php?rest_route=\/wp\/v2\/posts\/71798","targetHints":{"allow":["GET"]}}],"collection":[{"href":"https:\/\/encuentroinformativo.com.mx\/index.php?rest_route=\/wp\/v2\/posts"}],"about":[{"href":"https:\/\/encuentroinformativo.com.mx\/index.php?rest_route=\/wp\/v2\/types\/post"}],"author":[{"embeddable":true,"href":"https:\/\/encuentroinformativo.com.mx\/index.php?rest_route=\/wp\/v2\/users\/2476"}],"replies":[{"embeddable":true,"href":"https:\/\/encuentroinformativo.com.mx\/index.php?rest_route=%2Fwp%2Fv2%2Fcomments&post=71798"}],"version-history":[{"count":1,"href":"https:\/\/encuentroinformativo.com.mx\/index.php?rest_route=\/wp\/v2\/posts\/71798\/revisions"}],"predecessor-version":[{"id":71800,"href":"https:\/\/encuentroinformativo.com.mx\/index.php?rest_route=\/wp\/v2\/posts\/71798\/revisions\/71800"}],"wp:featuredmedia":[{"embeddable":true,"href":"https:\/\/encuentroinformativo.com.mx\/index.php?rest_route=\/wp\/v2\/media\/71799"}],"wp:attachment":[{"href":"https:\/\/encuentroinformativo.com.mx\/index.php?rest_route=%2Fwp%2Fv2%2Fmedia&parent=71798"}],"wp:term":[{"taxonomy":"category","embeddable":true,"href":"https:\/\/encuentroinformativo.com.mx\/index.php?rest_route=%2Fwp%2Fv2%2Fcategories&post=71798"},{"taxonomy":"post_tag","embeddable":true,"href":"https:\/\/encuentroinformativo.com.mx\/index.php?rest_route=%2Fwp%2Fv2%2Ftags&post=71798"}],"curies":[{"name":"wp","href":"https:\/\/api.w.org\/{rel}","templated":true}]}}