{"id":71801,"date":"2025-10-09T17:58:56","date_gmt":"2025-10-09T23:58:56","guid":{"rendered":"https:\/\/encuentroinformativo.com.mx\/?p=71801"},"modified":"2025-10-09T17:58:56","modified_gmt":"2025-10-09T23:58:56","slug":"convocan-a-marcha-pacifica-por-deceso-de-daniel-joven-murio-en-anexo-de-coatepec","status":"publish","type":"post","link":"https:\/\/encuentroinformativo.com.mx\/?p=71801","title":{"rendered":"Convocan a marcha pac\u00edfica por deceso de Daniel, joven muri\u00f3 en anexo de Coatepec"},"content":{"rendered":"<p><strong>Dar\u00edo Pale<\/strong><\/p>\n<p>Xalapa, Ver.- La muerte de Daniel Hern\u00e1ndez Mendoza, un joven de 20 a\u00f1os encontrado sin vida en el interior del centro de rehabilitaci\u00f3n \u201cAve F\u00e9nix\u201d en Coatepec, ha generado conmoci\u00f3n e indignaci\u00f3n entre sus familiares, amistades y la comunidad local.<\/p>\n<p>Los hechos ocurrieron luego de que Daniel ingresara voluntariamente al anexo hace cuatro meses para tratar su adicci\u00f3n a las drogas. Seg\u00fan relataron sus familiares, el personal del centro inform\u00f3 que el joven hab\u00eda intentado escapar junto con otros tres internos, pero que m\u00e1s tarde regres\u00f3 por su cuenta y fue nuevamente internado.<\/p>\n<p>Pocos d\u00edas despu\u00e9s, Daniel fue hallado muerto dentro del centro. Aunque los encargados aseguraron que falleci\u00f3 por asfixia a causa de \u201cfalta de aire\u201d, el reporte del m\u00e9dico legista contradice esa versi\u00f3n: la causa del deceso fue un fuerte golpe en la cabeza, lo que apunta a un posible homicidio.<\/p>\n<p>Ante la sospecha de violencia dentro del anexo, los familiares de Daniel han exigido una investigaci\u00f3n seria y castigo para los responsables. Adem\u00e1s, han convocado a una marcha pac\u00edfica en su memoria y como acto de protesta.<\/p>\n<p>Convocatoria a la marcha el s\u00e1bado a las 13:00 horas de la colonia Los Carriles al centro de Coatepec, con paso por el centro \u201cAve F\u00e9nix\u201d.<\/p>\n<p>Piden a los asistentes vestir camisetas blancas y portar carteles con mensajes de justicia, la invitaci\u00f3n est\u00e1 abierta a toda la comunidad, incluyendo motociclistas, automovilistas y colectivos sociales.<\/p>\n<p>\u201cHoy hablamos nosotros por los que ya no pueden hacerlo\u201d, expresaron los familiares en su llamado.<\/p>\n<p>De acuerdo con los primeros avances de la investigaci\u00f3n, al menos cuatro personas estar\u00edan implicadas en la muerte de Daniel, la familia ha exigido que el caso no quede impune y que se investigue a fondo el funcionamiento del centro \u201cAve F\u00e9nix\u201d, as\u00ed como el actuar de su personal.<\/p>\n<p>El caso ha reabierto el debate sobre las condiciones en que operan algunos centros de rehabilitaci\u00f3n en Veracruz, donde en ocasiones se reportan malos tratos, abusos o irregularidades.<\/p>\n<p>La comunidad coatepecana se prepara para salir a las calles a exigir justicia, con la esperanza de que la muerte de Daniel no sea ignorada por las autoridades.<\/p>\n","protected":false},"excerpt":{"rendered":"<p>Dar\u00edo Pale Xalapa, Ver.- La muerte de Daniel Hern\u00e1ndez Mendoza, un joven de 20 a\u00f1os encontrado sin vida en el interior del centro de rehabilitaci\u00f3n \u201cAve F\u00e9nix\u201d en Coatepec, ha generado conmoci\u00f3n e indignaci\u00f3n entre sus familiares, amistades y la comunidad local. Los hechos ocurrieron luego de que Daniel ingresara voluntariamente al anexo hace cuatro [&hellip;]<\/p>\n","protected":false},"author":2476,"featured_media":71802,"comment_status":"open","ping_status":"open","sticky":false,"template":"","format":"standard","meta":{"_jetpack_memberships_contains_paid_content":false,"footnotes":""},"categories":[8],"tags":[],"class_list":["post-71801","post","type-post","status-publish","format-standard","has-post-thumbnail","hentry","category-region"],"jetpack_featured_media_url":"https:\/\/encuentroinformativo.com.mx\/wp-content\/uploads\/2025\/10\/IMG-20251009-WA0430.jpg","jetpack_sharing_enabled":true,"jetpack_likes_enabled":true,"amp_enabled":true,"_links":{"self":[{"href":"https:\/\/encuentroinformativo.com.mx\/index.php?rest_route=\/wp\/v2\/posts\/71801","targetHints":{"allow":["GET"]}}],"collection":[{"href":"https:\/\/encuentroinformativo.com.mx\/index.php?rest_route=\/wp\/v2\/posts"}],"about":[{"href":"https:\/\/encuentroinformativo.com.mx\/index.php?rest_route=\/wp\/v2\/types\/post"}],"author":[{"embeddable":true,"href":"https:\/\/encuentroinformativo.com.mx\/index.php?rest_route=\/wp\/v2\/users\/2476"}],"replies":[{"embeddable":true,"href":"https:\/\/encuentroinformativo.com.mx\/index.php?rest_route=%2Fwp%2Fv2%2Fcomments&post=71801"}],"version-history":[{"count":1,"href":"https:\/\/encuentroinformativo.com.mx\/index.php?rest_route=\/wp\/v2\/posts\/71801\/revisions"}],"predecessor-version":[{"id":71803,"href":"https:\/\/encuentroinformativo.com.mx\/index.php?rest_route=\/wp\/v2\/posts\/71801\/revisions\/71803"}],"wp:featuredmedia":[{"embeddable":true,"href":"https:\/\/encuentroinformativo.com.mx\/index.php?rest_route=\/wp\/v2\/media\/71802"}],"wp:attachment":[{"href":"https:\/\/encuentroinformativo.com.mx\/index.php?rest_route=%2Fwp%2Fv2%2Fmedia&parent=71801"}],"wp:term":[{"taxonomy":"category","embeddable":true,"href":"https:\/\/encuentroinformativo.com.mx\/index.php?rest_route=%2Fwp%2Fv2%2Fcategories&post=71801"},{"taxonomy":"post_tag","embeddable":true,"href":"https:\/\/encuentroinformativo.com.mx\/index.php?rest_route=%2Fwp%2Fv2%2Ftags&post=71801"}],"curies":[{"name":"wp","href":"https:\/\/api.w.org\/{rel}","templated":true}]}}