{"id":7181,"date":"2020-10-22T09:33:45","date_gmt":"2020-10-22T14:33:45","guid":{"rendered":"https:\/\/encuentroinformativo.com.mx\/?p=7181"},"modified":"2020-10-22T09:33:48","modified_gmt":"2020-10-22T14:33:48","slug":"el-papa-y-la-alianza-pan-pri","status":"publish","type":"post","link":"https:\/\/encuentroinformativo.com.mx\/?p=7181","title":{"rendered":"El Papa y la alianza PAN-PRI"},"content":{"rendered":"\n<p><strong>Los Pol\u00edticos<\/strong><\/p>\n\n\n\n<p><strong>Salvador Mu\u00f1oz<\/strong><\/p>\n\n\n\n<p>La posici\u00f3n del Papa Francisco con respecto a la uni\u00f3n civil entre personas del mismo sexo, no camina sobre una cuerda floja\u2026 para nada. El pont\u00edfice es preciso al se\u00f1alar que los homosexuales deben estar cobijados por la Ley, es decir y lo citamos: \u201clo que debemos tener, es una Ley de Uni\u00f3n Civil, de esa manera est\u00e1n legalmente cubiertos\u201d. En pocas palabras, habla del mundo del C\u00e9sar, que no el de Dios. S\u00ed, es claro que tenemos un papa pol\u00edtico que deja en manos de los hombres el tema del \u201cmatrimonio gay\u201d&#8230; cuando nos hable de bodas cat\u00f3licas entre personas del mismo sexo, me avisan\u2026<\/p>\n\n\n\n<p>El asunto del Papa Francisco me hace recordar esa cantaleta que \u201cla gente rumora, la gente rumora un asunto importante\u2026\u201d: la uni\u00f3n PAN-PRI para estas pr\u00f3ximas elecciones.<\/p>\n\n\n\n<p>Si bien no citamos al PRD no es por minimizarlo\u2026 sino porque en el panismo no les hace bulla una alianza con el Sol Azteca como s\u00ed con el PRI.<\/p>\n\n\n\n<p>Al interior del PAN, militantes, simpatizantes y consejeros, tienen una reacci\u00f3n a la posibilidad de la alianza PAN-PRI similar a la que estoy seguro, muchos cat\u00f3licos hubieran tenido si el Papa Francisco hubiera hablado del matrimonio religioso entre personas del mismo sexo.<\/p>\n\n\n\n<p>S\u00ed, qui\u00e9n sabe si el Chapito\u2026 perd\u00f3n, no me gusta llamarlo as\u00ed&#8230; Qui\u00e9n sabe si Don Joaqu\u00edn (hay que ser respetuosos con los Guzm\u00e1n, est\u00e1n de moda) ya consensu\u00f3 la posibilidad con la militancia de esta alianza, porque si bien, las dirigencias nacionales tanto del PAN como del PRI pueden ser igual de \u201cliberales\u201d que Bergoglio, una cosa es ser Jorge Mario que representar al Vaticano\u2026<\/p>\n\n\n\n<p>Es seguro que en el 2016, para un sector del panismo haya sido inc\u00f3moda esa uni\u00f3n con el Sol Azteca aunque no se compara con la posibilidad de hacerlo con el PRI\u2026 hay algo que cuesta entender a este sector del panismo que se podr\u00eda traducir as\u00ed: \u00bfpor qu\u00e9 no apostar al mal gobierno de Morena en lugar de apostar a la uni\u00f3n de fuerzas? S\u00ed, aunque cualquier estratega dir\u00eda: \u00bfpor qu\u00e9 no apostar a las dos?<\/p>\n\n\n\n<p>A lo mejor falta que en el PAN se explique al panista que el fin justifica los medios, incluso, si hay que pasar por encima de la ideolog\u00eda y fraternizar con el enemigo que por m\u00e1s de 90 a\u00f1os, se estuvo combatiendo\u2026 comentarle que no hay que espantarse\u2026 que pongan de ejemplo al PVEM, que lo mismo se revuelca, perd\u00f3n, hace alianza con el PAN, con el PRI que con Morena \u00a1y no pasa nada! tanto, que ah\u00ed est\u00e1, ah\u00ed se mantiene, y ah\u00ed seguir\u00e1 porque ha entendido c\u00f3mo manejar el poco poder que tiene, administrarlo, dosificarlo, para que la alternancia no le afecte\u2026 al contrario.<\/p>\n\n\n\n<p>\u00bfQue C\u00e9sar Leal Angulo se debe estar riendo para no llorar ante la posibilidad de esta uni\u00f3n \u201cinsana, pervertida, antinatural\u201d entre PAN y PRI? \u00a1Por Dios! Vean al Papa Francisco: mantiene limpia la ideolog\u00eda de su credo pero aboga porque la Ley ampare a todos, hetero, homo o lo que sean\u2026 \u201ctodos tienen derecho a estar en una familia por ser hijos de Dios\u201d, que en buen cristiano ser\u00eda en pol\u00edtica: \u201ctenemos derecho a recuperar el Poder porque si no, nunca lo volveremos a tener\u201d.<\/p>\n\n\n\n<p>La alianza PAN-PRI pudiera ser para muchos el fin para obtener el Poder por el Poder y bien se pudiera entender si se logra conformar una idea: que Morena, el Presidente L\u00f3pez Obrador, su Gobierno, se conviertan en el enemigo n\u00famero 1 de la sociedad mexicana. Si se logra consolidar esta idea, poco importar\u00e1 ver juntos a dos adversarios comunes luchando contra \u201cel Mal Gobierno\u201d\u2026 no importar\u00e1 si gana el PRI, si gana el PAN, si gana el PRD, el chiste es que pierda Morena el poder\u2026<\/p>\n\n\n\n<p>Si la ideolog\u00eda se mantiene intacta, la alianza es posible\u2026 eso pareciera ser el esquema a manejar entre los militantes del PAN y del PRI, que son los m\u00e1s reacios a esta coalici\u00f3n, cual radicales ante la uni\u00f3n de parejas del mismo sexo\u2026<\/p>\n\n\n\n<p><a href=\"mailto:smcainito@gmail.com\" target=\"_blank\" rel=\"noreferrer noopener\">smcainito@gmail.com<\/a><\/p>\n","protected":false},"excerpt":{"rendered":"<p>Los Pol\u00edticos Salvador Mu\u00f1oz La posici\u00f3n del Papa Francisco con respecto a la uni\u00f3n civil entre personas del mismo sexo, no camina sobre una cuerda floja\u2026 para nada. El pont\u00edfice es preciso al se\u00f1alar que los homosexuales deben estar cobijados por la Ley, es decir y lo citamos: \u201clo que debemos tener, es una Ley [&hellip;]<\/p>\n","protected":false},"author":1,"featured_media":387,"comment_status":"open","ping_status":"open","sticky":false,"template":"","format":"standard","meta":{"_jetpack_memberships_contains_paid_content":false,"footnotes":""},"categories":[11],"tags":[],"class_list":["post-7181","post","type-post","status-publish","format-standard","has-post-thumbnail","hentry","category-opinion"],"jetpack_featured_media_url":"https:\/\/encuentroinformativo.com.mx\/wp-content\/uploads\/2020\/03\/7CF8A22B-2764-47BE-8F7F-38FE9E5D6A2F.jpeg","jetpack_sharing_enabled":true,"jetpack_likes_enabled":true,"amp_enabled":true,"_links":{"self":[{"href":"https:\/\/encuentroinformativo.com.mx\/index.php?rest_route=\/wp\/v2\/posts\/7181","targetHints":{"allow":["GET"]}}],"collection":[{"href":"https:\/\/encuentroinformativo.com.mx\/index.php?rest_route=\/wp\/v2\/posts"}],"about":[{"href":"https:\/\/encuentroinformativo.com.mx\/index.php?rest_route=\/wp\/v2\/types\/post"}],"author":[{"embeddable":true,"href":"https:\/\/encuentroinformativo.com.mx\/index.php?rest_route=\/wp\/v2\/users\/1"}],"replies":[{"embeddable":true,"href":"https:\/\/encuentroinformativo.com.mx\/index.php?rest_route=%2Fwp%2Fv2%2Fcomments&post=7181"}],"version-history":[{"count":1,"href":"https:\/\/encuentroinformativo.com.mx\/index.php?rest_route=\/wp\/v2\/posts\/7181\/revisions"}],"predecessor-version":[{"id":7182,"href":"https:\/\/encuentroinformativo.com.mx\/index.php?rest_route=\/wp\/v2\/posts\/7181\/revisions\/7182"}],"wp:featuredmedia":[{"embeddable":true,"href":"https:\/\/encuentroinformativo.com.mx\/index.php?rest_route=\/wp\/v2\/media\/387"}],"wp:attachment":[{"href":"https:\/\/encuentroinformativo.com.mx\/index.php?rest_route=%2Fwp%2Fv2%2Fmedia&parent=7181"}],"wp:term":[{"taxonomy":"category","embeddable":true,"href":"https:\/\/encuentroinformativo.com.mx\/index.php?rest_route=%2Fwp%2Fv2%2Fcategories&post=7181"},{"taxonomy":"post_tag","embeddable":true,"href":"https:\/\/encuentroinformativo.com.mx\/index.php?rest_route=%2Fwp%2Fv2%2Ftags&post=7181"}],"curies":[{"name":"wp","href":"https:\/\/api.w.org\/{rel}","templated":true}]}}