{"id":71812,"date":"2025-10-10T09:18:45","date_gmt":"2025-10-10T15:18:45","guid":{"rendered":"https:\/\/encuentroinformativo.com.mx\/?p=71812"},"modified":"2025-10-10T09:18:45","modified_gmt":"2025-10-10T15:18:45","slug":"nahle-y-las-lluvias","status":"publish","type":"post","link":"https:\/\/encuentroinformativo.com.mx\/?p=71812","title":{"rendered":"NAHLE Y LAS LLUVIAS"},"content":{"rendered":"<p dir=\"ltr\"><strong>Los Pol\u00edticos<\/strong><\/p>\n<p dir=\"ltr\"><strong>Salvador Mu\u00f1oz<\/strong><\/p>\n<p dir=\"ltr\">Las comparaciones son odiosas\u2026 pero en el colectivo, es imposible en casos climatol\u00f3gicos como los que sacuden a Veracruz, no se recurra traer de vuelta a la figura de Fidel Herrera Beltr\u00e1n en medio de la lluvia, cargando una despensa, descalzo, cubierto con un sombrero y una chamarra\u2026<\/p>\n<p dir=\"ltr\">Como sea, Fidel Herrera dej\u00f3 una imagen que dif\u00edcilmente se volver\u00e1 a repetir en alguna otra figura pol\u00edtica y eso que Felipe Calder\u00f3n igual se meti\u00f3 al agua en Veracruz\u2026 y eso que Javier Duarte de Ochoa igual se meti\u00f3 al agua en alguna inundaci\u00f3n\u2026 Miguel \u00c1ngel Yunes en las mismas condiciones, con unos jeans y camisa de vestir, mangas arremangadas, recorriendo los Tuxtlas\u2026 Cuitl\u00e1huac Garc\u00eda fue incapaz de dejar un recuerdo similar de no ser la cr\u00edtica que se le hizo porque mientras \u00e9l ensayaba el Xantolo, las lluvias (y la inseguridad) azotaban a Veracruz\u2026 \u00bfy Nahle? Es seguro que hayan sido sus primeras inundaciones o no\u2026 pero s\u00ed quiz\u00e1s las de su equipo de Comunicac\u00ed\u00f3n y Manejo de Imagen, que lejos de ayudar, fueron \u201csin querer queriendo\u201d, los promotores de que el colectivo trajera de vuelta a la figura de Fidel Herrera Beltr\u00e1n\u2026<\/p>\n<p dir=\"ltr\">Si bien es relevante entender la magnitud de la inundaci\u00f3n en la zona norte, lo que se entiende con las im\u00e1genes a\u00e9reas sobrevolando la zona, es m\u00e1s relevante la idea que se da: distancia, de lejos\u2026 Cronol\u00f3gicamente, es correcto que hayan subido a las redes sociales de la Gobernadora esas fotos de ella desde un helic\u00f3ptero\u2026 s\u00f3lo que en estas condiciones, el colectivo quiere ver a sus autoridades en un momento como el que se vive en la zona norte, de cerca, con palabras de aliento, con algo con qu\u00e9 ayudar\u2026 y si bien, una hora despu\u00e9s de las im\u00e1genes a\u00e9reas subieron las de a ras de suelo, la bulla ya estaba hecha\u2026 por lo que fue necesario echar mano de los \u201canti-electrolitos\u201d para \u201cdefender\u201d a la Gobernadora\u2026<\/p>\n<p dir=\"ltr\">No es mala leche, pero a veces, creo, a la Gobernadora no se le tiene que defender de quienes la critican, sino de quienes provocan la cr\u00edtica.<\/p>\n<p dir=\"ltr\">A veces falta sensibilidad pol\u00edtica en quienes se encargan de la comunicaci\u00f3n y manejo de imagen de la Gobernadora\u2026 las ansias de matador les ganan lo que lleva a que su chamboner\u00eda haga v\u00edctima a la misma mandataria estatal\u2026<\/p>\n<p dir=\"ltr\">S\u00ed, las comparaciones son odiosas\u2026 pero no dejan de ser inherentes ante situaciones que tanto en Gobierno como en cuestiones de clima, vienen a ser c\u00edclicas\u2026 hoy, se trajo el recuerdo de Fidel Herrera\u2026pero hace dos d\u00edas era Javier Duarte con la suspensi\u00f3n de clases\u2026 mientras no tengamos que recurrir a AMLO cuando tuvo que declarar que se inundaron zonas pobres para salvar Villahermosa, podemos decir que Roc\u00edo Nahle va bien.<\/p>\n","protected":false},"excerpt":{"rendered":"<p>Los Pol\u00edticos Salvador Mu\u00f1oz Las comparaciones son odiosas\u2026 pero en el colectivo, es imposible en casos climatol\u00f3gicos como los que sacuden a Veracruz, no se recurra traer de vuelta a la figura de Fidel Herrera Beltr\u00e1n en medio de la lluvia, cargando una despensa, descalzo, cubierto con un sombrero y una chamarra\u2026 Como sea, Fidel [&hellip;]<\/p>\n","protected":false},"author":2476,"featured_media":387,"comment_status":"open","ping_status":"open","sticky":false,"template":"","format":"standard","meta":{"_jetpack_memberships_contains_paid_content":false,"footnotes":""},"categories":[11],"tags":[],"class_list":["post-71812","post","type-post","status-publish","format-standard","has-post-thumbnail","hentry","category-opinion"],"jetpack_featured_media_url":"https:\/\/encuentroinformativo.com.mx\/wp-content\/uploads\/2020\/03\/7CF8A22B-2764-47BE-8F7F-38FE9E5D6A2F.jpeg","jetpack_sharing_enabled":true,"jetpack_likes_enabled":true,"amp_enabled":true,"_links":{"self":[{"href":"https:\/\/encuentroinformativo.com.mx\/index.php?rest_route=\/wp\/v2\/posts\/71812","targetHints":{"allow":["GET"]}}],"collection":[{"href":"https:\/\/encuentroinformativo.com.mx\/index.php?rest_route=\/wp\/v2\/posts"}],"about":[{"href":"https:\/\/encuentroinformativo.com.mx\/index.php?rest_route=\/wp\/v2\/types\/post"}],"author":[{"embeddable":true,"href":"https:\/\/encuentroinformativo.com.mx\/index.php?rest_route=\/wp\/v2\/users\/2476"}],"replies":[{"embeddable":true,"href":"https:\/\/encuentroinformativo.com.mx\/index.php?rest_route=%2Fwp%2Fv2%2Fcomments&post=71812"}],"version-history":[{"count":1,"href":"https:\/\/encuentroinformativo.com.mx\/index.php?rest_route=\/wp\/v2\/posts\/71812\/revisions"}],"predecessor-version":[{"id":71813,"href":"https:\/\/encuentroinformativo.com.mx\/index.php?rest_route=\/wp\/v2\/posts\/71812\/revisions\/71813"}],"wp:featuredmedia":[{"embeddable":true,"href":"https:\/\/encuentroinformativo.com.mx\/index.php?rest_route=\/wp\/v2\/media\/387"}],"wp:attachment":[{"href":"https:\/\/encuentroinformativo.com.mx\/index.php?rest_route=%2Fwp%2Fv2%2Fmedia&parent=71812"}],"wp:term":[{"taxonomy":"category","embeddable":true,"href":"https:\/\/encuentroinformativo.com.mx\/index.php?rest_route=%2Fwp%2Fv2%2Fcategories&post=71812"},{"taxonomy":"post_tag","embeddable":true,"href":"https:\/\/encuentroinformativo.com.mx\/index.php?rest_route=%2Fwp%2Fv2%2Ftags&post=71812"}],"curies":[{"name":"wp","href":"https:\/\/api.w.org\/{rel}","templated":true}]}}