{"id":71817,"date":"2025-10-10T10:09:39","date_gmt":"2025-10-10T16:09:39","guid":{"rendered":"https:\/\/encuentroinformativo.com.mx\/?p=71817"},"modified":"2025-10-10T10:09:39","modified_gmt":"2025-10-10T16:09:39","slug":"prestadores-de-servicios-administrativos-piden-a-las-autoridades-los-dejen-trabajar","status":"publish","type":"post","link":"https:\/\/encuentroinformativo.com.mx\/?p=71817","title":{"rendered":"Prestadores de servicios administrativos piden a las autoridades los dejen trabajar"},"content":{"rendered":"<p><strong>Dar\u00edo Pale<\/strong><\/p>\n<p>Xalapa, Ver.- Denuncian que fueron retirados de sus funciones mediante una carta poder simple y exigen di\u00e1logo para recuperar su fuente de ingresos.<\/p>\n<p>Un grupo de prestadores de servicios administrativos se manifest\u00f3 este viernes a un costado de Palacio de Gobierno para solicitar el apoyo de la gobernadora Norma Roc\u00edo Nahle Garc\u00eda, luego de que \u2014seg\u00fan denunciaron\u2014 fueron retirados de sus funciones mediante una carta poder simple, lo que les ha impedido seguir desempe\u00f1ando su trabajo.<\/p>\n<p>En entrevista, Adilene L\u00f3pez, una de las voceras del grupo, explic\u00f3 que la petici\u00f3n central es que se les permita continuar laborando como lo hac\u00edan anteriormente, cumpliendo con los lineamientos y reglamentos establecidos por las dependencias estatales.<\/p>\n<p>\u201cNosotros solo pedimos que nos dejen trabajar como siempre lo hemos hecho. La gobernadora nos retir\u00f3 del poder con una carta poder simple y lo \u00fanico que queremos es una soluci\u00f3n. No buscamos problemas, solamente trabajo\u201d, expres\u00f3.<\/p>\n<p>Destac\u00f3 que los prestadores de servicios se dedican a apoyar a ciudadanos que no pueden acudir personalmente a realizar tr\u00e1mites administrativos, y asegur\u00f3 que en todo momento se han apegado a la normatividad.<\/p>\n<p>\u201cSiempre hemos cumplido con los reglamentos y la documentaci\u00f3n que nos piden. Solo pedimos que se nos escuche y que podamos hablar con quien corresponda para que se nos permita seguir laborando\u201d, a\u00f1adi\u00f3.<\/p>\n<p>La vocera subray\u00f3 que detr\u00e1s de esta situaci\u00f3n hay familias que dependen directamente de ese trabajo, por lo que hizo un llamado a las autoridades estatales a actuar con sensibilidad.<\/p>\n<p>\u201cTambi\u00e9n somos ciudadanos, tenemos hijos, padres, gastos, y lo \u00fanico que pedimos es poder llevar el sustento a casa\u201d, dijo.<\/p>\n<p>Seg\u00fan el grupo, la medida ha perjudicado a alrededor de 50 prestadores de servicio tan solo en el municipio de Xalapa, aunque afirmaron que el cierre a este tipo de gestiones se ha replicado en todo el estado, dejando sin empleo a decenas de personas en distintas regiones.<\/p>\n<p>\u201cEstamos hablando solo de Xalapa, pero esto ya fue a nivel estatal. En todas las oficinas se cerraron las puertas en cuesti\u00f3n de la carta poder\u201d, detall\u00f3 L\u00f3pez.<\/p>\n<p>Los afectados informaron que realizar\u00e1n una manifestaci\u00f3n pac\u00edfica este viernes por la ma\u00f1ana, con el objetivo de ser escuchados directamente por la gobernadora.<\/p>\n<p>\u201cNos estaremos instalando entre las nueve y media y diez de la ma\u00f1ana. Esperamos la participaci\u00f3n de entre 25 y 30 personas, principalmente de Xalapa, pero tambi\u00e9n vienen compa\u00f1eros de Cardel, Veracruz y Orizaba\u201d, explic\u00f3.<\/p>\n<p>El grupo insisti\u00f3 en que su protesta no busca confrontaci\u00f3n, sino di\u00e1logo y una soluci\u00f3n que les permita recuperar su fuente de ingreso.<\/p>\n<p>Finalmente Adilene L\u00f3pez coment\u00f3, &#8220;solo queremos trabajar, no pedimos m\u00e1s. Que nos escuchen y que nos dejen continuar como lo ven\u00edamos haciendo\u201d.<\/p>\n<p><img loading=\"lazy\" decoding=\"async\" class=\"aligncenter size-medium wp-image-71819\" src=\"https:\/\/encuentroinformativo.com.mx\/wp-content\/uploads\/2025\/10\/IMG-20251010-WA0039-180x300.jpg\" alt=\"\" width=\"180\" height=\"300\" srcset=\"https:\/\/encuentroinformativo.com.mx\/wp-content\/uploads\/2025\/10\/IMG-20251010-WA0039-180x300.jpg 180w, https:\/\/encuentroinformativo.com.mx\/wp-content\/uploads\/2025\/10\/IMG-20251010-WA0039-616x1024.jpg 616w, https:\/\/encuentroinformativo.com.mx\/wp-content\/uploads\/2025\/10\/IMG-20251010-WA0039-768x1277.jpg 768w, https:\/\/encuentroinformativo.com.mx\/wp-content\/uploads\/2025\/10\/IMG-20251010-WA0039.jpg 770w\" sizes=\"auto, (max-width: 180px) 100vw, 180px\" \/><\/p>\n","protected":false},"excerpt":{"rendered":"<p>Dar\u00edo Pale Xalapa, Ver.- Denuncian que fueron retirados de sus funciones mediante una carta poder simple y exigen di\u00e1logo para recuperar su fuente de ingresos. Un grupo de prestadores de servicios administrativos se manifest\u00f3 este viernes a un costado de Palacio de Gobierno para solicitar el apoyo de la gobernadora Norma Roc\u00edo Nahle Garc\u00eda, luego [&hellip;]<\/p>\n","protected":false},"author":2476,"featured_media":71818,"comment_status":"open","ping_status":"open","sticky":false,"template":"","format":"standard","meta":{"_jetpack_memberships_contains_paid_content":false,"footnotes":""},"categories":[3],"tags":[],"class_list":["post-71817","post","type-post","status-publish","format-standard","has-post-thumbnail","hentry","category-xalapa"],"jetpack_featured_media_url":"https:\/\/encuentroinformativo.com.mx\/wp-content\/uploads\/2025\/10\/IMG-20251010-WA0040.jpg","jetpack_sharing_enabled":true,"jetpack_likes_enabled":true,"amp_enabled":true,"_links":{"self":[{"href":"https:\/\/encuentroinformativo.com.mx\/index.php?rest_route=\/wp\/v2\/posts\/71817","targetHints":{"allow":["GET"]}}],"collection":[{"href":"https:\/\/encuentroinformativo.com.mx\/index.php?rest_route=\/wp\/v2\/posts"}],"about":[{"href":"https:\/\/encuentroinformativo.com.mx\/index.php?rest_route=\/wp\/v2\/types\/post"}],"author":[{"embeddable":true,"href":"https:\/\/encuentroinformativo.com.mx\/index.php?rest_route=\/wp\/v2\/users\/2476"}],"replies":[{"embeddable":true,"href":"https:\/\/encuentroinformativo.com.mx\/index.php?rest_route=%2Fwp%2Fv2%2Fcomments&post=71817"}],"version-history":[{"count":1,"href":"https:\/\/encuentroinformativo.com.mx\/index.php?rest_route=\/wp\/v2\/posts\/71817\/revisions"}],"predecessor-version":[{"id":71820,"href":"https:\/\/encuentroinformativo.com.mx\/index.php?rest_route=\/wp\/v2\/posts\/71817\/revisions\/71820"}],"wp:featuredmedia":[{"embeddable":true,"href":"https:\/\/encuentroinformativo.com.mx\/index.php?rest_route=\/wp\/v2\/media\/71818"}],"wp:attachment":[{"href":"https:\/\/encuentroinformativo.com.mx\/index.php?rest_route=%2Fwp%2Fv2%2Fmedia&parent=71817"}],"wp:term":[{"taxonomy":"category","embeddable":true,"href":"https:\/\/encuentroinformativo.com.mx\/index.php?rest_route=%2Fwp%2Fv2%2Fcategories&post=71817"},{"taxonomy":"post_tag","embeddable":true,"href":"https:\/\/encuentroinformativo.com.mx\/index.php?rest_route=%2Fwp%2Fv2%2Ftags&post=71817"}],"curies":[{"name":"wp","href":"https:\/\/api.w.org\/{rel}","templated":true}]}}