{"id":71825,"date":"2025-10-10T12:14:14","date_gmt":"2025-10-10T18:14:14","guid":{"rendered":"https:\/\/encuentroinformativo.com.mx\/?p=71825"},"modified":"2025-10-10T12:14:14","modified_gmt":"2025-10-10T18:14:14","slug":"por-falta-de-energia-electrica-amagan-pobladores-con-tomar-puente-en-alvarado","status":"publish","type":"post","link":"https:\/\/encuentroinformativo.com.mx\/?p=71825","title":{"rendered":"Por falta de energ\u00eda el\u00e9ctrica, amagan pobladores con &#8220;tomar&#8221; puente en Alvarado\u00a0"},"content":{"rendered":"<p><strong>Alejandro \u00c1vila<\/strong><\/p>\n<p>Alvarado, Ver.- Ciudadanos del municipio de Alvarado colocaron un letrero en el puente que pasa por el R\u00edo Papaloapan dando un ultim\u00e1tum a Comisi\u00f3n Federal de Electricidad (CFE) para que les dote de energ\u00eda el\u00e9ctrica.<\/p>\n<p>El letrero va dirigido a la dependencia Federal, al Ayuntamiento de Alvarado y a la ciudadan\u00eda en general que se podr\u00eda ver afectada por el bloqueo del puente que conecta al municipio de Alvarado con Lerdo de Tejada, Tlacotalpan y las localidades de la zona sur del municipio.<\/p>\n<p>La pancarta se\u00f1ala que si a las 2 de la tarde de este viernes 10 de octubre no se restablece la energ\u00eda el\u00e9ctrica en las colonias Escolleras, Paso Nacional, La Trocha y Loma del Rosario, bloquear\u00e1n los accesos al puente.<\/p>\n<p>De la misma manera, a trav\u00e9s de redes sociales se solicit\u00f3 el apoyo a Protecci\u00f3n Civil de Alvarado para diversos deslaves que se han suscitado en la colonia La Playa, debido a las constantes lluvias que ha dejado la Vaguada y la Depresi\u00f3n Tropical 90E.<\/p>\n","protected":false},"excerpt":{"rendered":"<p>Alejandro \u00c1vila Alvarado, Ver.- Ciudadanos del municipio de Alvarado colocaron un letrero en el puente que pasa por el R\u00edo Papaloapan dando un ultim\u00e1tum a Comisi\u00f3n Federal de Electricidad (CFE) para que les dote de energ\u00eda el\u00e9ctrica. El letrero va dirigido a la dependencia Federal, al Ayuntamiento de Alvarado y a la ciudadan\u00eda en general [&hellip;]<\/p>\n","protected":false},"author":2476,"featured_media":71826,"comment_status":"open","ping_status":"open","sticky":false,"template":"","format":"standard","meta":{"_jetpack_memberships_contains_paid_content":false,"footnotes":""},"categories":[2],"tags":[],"class_list":["post-71825","post","type-post","status-publish","format-standard","has-post-thumbnail","hentry","category-estado"],"jetpack_featured_media_url":"https:\/\/encuentroinformativo.com.mx\/wp-content\/uploads\/2025\/10\/IMG-20251010-WA0069.jpg","jetpack_sharing_enabled":true,"jetpack_likes_enabled":true,"amp_enabled":true,"_links":{"self":[{"href":"https:\/\/encuentroinformativo.com.mx\/index.php?rest_route=\/wp\/v2\/posts\/71825","targetHints":{"allow":["GET"]}}],"collection":[{"href":"https:\/\/encuentroinformativo.com.mx\/index.php?rest_route=\/wp\/v2\/posts"}],"about":[{"href":"https:\/\/encuentroinformativo.com.mx\/index.php?rest_route=\/wp\/v2\/types\/post"}],"author":[{"embeddable":true,"href":"https:\/\/encuentroinformativo.com.mx\/index.php?rest_route=\/wp\/v2\/users\/2476"}],"replies":[{"embeddable":true,"href":"https:\/\/encuentroinformativo.com.mx\/index.php?rest_route=%2Fwp%2Fv2%2Fcomments&post=71825"}],"version-history":[{"count":1,"href":"https:\/\/encuentroinformativo.com.mx\/index.php?rest_route=\/wp\/v2\/posts\/71825\/revisions"}],"predecessor-version":[{"id":71827,"href":"https:\/\/encuentroinformativo.com.mx\/index.php?rest_route=\/wp\/v2\/posts\/71825\/revisions\/71827"}],"wp:featuredmedia":[{"embeddable":true,"href":"https:\/\/encuentroinformativo.com.mx\/index.php?rest_route=\/wp\/v2\/media\/71826"}],"wp:attachment":[{"href":"https:\/\/encuentroinformativo.com.mx\/index.php?rest_route=%2Fwp%2Fv2%2Fmedia&parent=71825"}],"wp:term":[{"taxonomy":"category","embeddable":true,"href":"https:\/\/encuentroinformativo.com.mx\/index.php?rest_route=%2Fwp%2Fv2%2Fcategories&post=71825"},{"taxonomy":"post_tag","embeddable":true,"href":"https:\/\/encuentroinformativo.com.mx\/index.php?rest_route=%2Fwp%2Fv2%2Ftags&post=71825"}],"curies":[{"name":"wp","href":"https:\/\/api.w.org\/{rel}","templated":true}]}}