{"id":71831,"date":"2025-10-10T12:28:57","date_gmt":"2025-10-10T18:28:57","guid":{"rendered":"https:\/\/encuentroinformativo.com.mx\/?p=71831"},"modified":"2025-10-10T12:28:57","modified_gmt":"2025-10-10T18:28:57","slug":"acusa-cometur-mala-planeacion-de-obra-en-centro-historico-de-veracruz","status":"publish","type":"post","link":"https:\/\/encuentroinformativo.com.mx\/?p=71831","title":{"rendered":"Acusa COMETUR mala planeaci\u00f3n de obra en centro hist\u00f3rico de Veracruz"},"content":{"rendered":"<p><strong>Alejandro \u00c1vila<\/strong><\/p>\n<p>Veracruz, Ver.- El presidente del Consejo Metropolitano de Turismo (COMETUR), Sergio Lois Heredia dio a conocer que, si bien la obra del centro hist\u00f3rico dar\u00e1 un realce al primer cuadro de la ciudad, su mala planeaci\u00f3n dej\u00f3 grandes problemas a los comerciantes de la zona.<\/p>\n<p>&#8220;Llev\u00e1bamos muchos a\u00f1os en el Centro Hist\u00f3rico con la necesidad de tener una remodelaci\u00f3n, algo como lo que se hizo la verdad es que lo ped\u00eda a gritos al centro, en gusto se rompen g\u00e9neros pero a mi parecer se est\u00e1 quedando muy bonito, siempre lo dijimos. Creo que aqu\u00ed de lo que siempre nos vamos a acordar y espero que se aprenda de esto es de la mala planeaci\u00f3n que se tuvo en esta obra, la verdad que esta planeaci\u00f3n que fue muy mala durante este a\u00f1o trajo consigo situaciones muy adversas para todos, tanto los que habitan que son pocos pero todav\u00eda habitan en la zona, como para los comercios, muchos comercios cerraron permanentemente&#8221;, sentenci\u00f3.<\/p>\n<p>Cabe mencionar que el pasado mi\u00e9rcoles 8 de octubre, el secretario de la Canaco Veracruz, Erick Manuel Su\u00e1rez M\u00e1rquez, confirm\u00f3 el cierre definitivo de 10 negocios en las calles de Independencia y 5 de mayo, lo cual dej\u00f3 en desempleo a m\u00e1s de 50 personas.<\/p>\n<p>El empresario hotelero dio a conocer que los comerciantes de la zona han confirmado a trav\u00e9s de grupos de WhatsApp, que quienes todav\u00eda contin\u00faan con sus negocios abiertos han tenido un 2025 con ventas extremadamente bajas.<\/p>\n<p>&#8220;Situaciones muy adversas que la verdad es que se pudieron haber evitado de haber tenido una mayor planeaci\u00f3n en este tema, s\u00e9 que tuvieron que hacerlo por cuestiones de tiempo, desconozco por qu\u00e9 fue hasta el \u00faltimo a\u00f1o, pero ya pas\u00f3, es una buena noticia que el 15 de noviembre lo est\u00e9n inaugurando para que ya en la temporada decembrina podamos ver una mejora&#8221;, culmin\u00f3.<\/p>\n","protected":false},"excerpt":{"rendered":"<p>Alejandro \u00c1vila Veracruz, Ver.- El presidente del Consejo Metropolitano de Turismo (COMETUR), Sergio Lois Heredia dio a conocer que, si bien la obra del centro hist\u00f3rico dar\u00e1 un realce al primer cuadro de la ciudad, su mala planeaci\u00f3n dej\u00f3 grandes problemas a los comerciantes de la zona. &#8220;Llev\u00e1bamos muchos a\u00f1os en el Centro Hist\u00f3rico con [&hellip;]<\/p>\n","protected":false},"author":2476,"featured_media":71832,"comment_status":"open","ping_status":"open","sticky":false,"template":"","format":"standard","meta":{"_jetpack_memberships_contains_paid_content":false,"footnotes":""},"categories":[2],"tags":[],"class_list":["post-71831","post","type-post","status-publish","format-standard","has-post-thumbnail","hentry","category-estado"],"jetpack_featured_media_url":"https:\/\/encuentroinformativo.com.mx\/wp-content\/uploads\/2025\/10\/IMG_20251010_122605_1300_x_1080_pixel2.jpg","jetpack_sharing_enabled":true,"jetpack_likes_enabled":true,"amp_enabled":true,"_links":{"self":[{"href":"https:\/\/encuentroinformativo.com.mx\/index.php?rest_route=\/wp\/v2\/posts\/71831","targetHints":{"allow":["GET"]}}],"collection":[{"href":"https:\/\/encuentroinformativo.com.mx\/index.php?rest_route=\/wp\/v2\/posts"}],"about":[{"href":"https:\/\/encuentroinformativo.com.mx\/index.php?rest_route=\/wp\/v2\/types\/post"}],"author":[{"embeddable":true,"href":"https:\/\/encuentroinformativo.com.mx\/index.php?rest_route=\/wp\/v2\/users\/2476"}],"replies":[{"embeddable":true,"href":"https:\/\/encuentroinformativo.com.mx\/index.php?rest_route=%2Fwp%2Fv2%2Fcomments&post=71831"}],"version-history":[{"count":1,"href":"https:\/\/encuentroinformativo.com.mx\/index.php?rest_route=\/wp\/v2\/posts\/71831\/revisions"}],"predecessor-version":[{"id":71833,"href":"https:\/\/encuentroinformativo.com.mx\/index.php?rest_route=\/wp\/v2\/posts\/71831\/revisions\/71833"}],"wp:featuredmedia":[{"embeddable":true,"href":"https:\/\/encuentroinformativo.com.mx\/index.php?rest_route=\/wp\/v2\/media\/71832"}],"wp:attachment":[{"href":"https:\/\/encuentroinformativo.com.mx\/index.php?rest_route=%2Fwp%2Fv2%2Fmedia&parent=71831"}],"wp:term":[{"taxonomy":"category","embeddable":true,"href":"https:\/\/encuentroinformativo.com.mx\/index.php?rest_route=%2Fwp%2Fv2%2Fcategories&post=71831"},{"taxonomy":"post_tag","embeddable":true,"href":"https:\/\/encuentroinformativo.com.mx\/index.php?rest_route=%2Fwp%2Fv2%2Ftags&post=71831"}],"curies":[{"name":"wp","href":"https:\/\/api.w.org\/{rel}","templated":true}]}}