{"id":71834,"date":"2025-10-10T12:54:04","date_gmt":"2025-10-10T18:54:04","guid":{"rendered":"https:\/\/encuentroinformativo.com.mx\/?p=71834"},"modified":"2025-10-10T12:54:04","modified_gmt":"2025-10-10T18:54:04","slug":"la-gobernadora-coordina-los-trabajos-de-atencion-a-la-emergencia-ahued","status":"publish","type":"post","link":"https:\/\/encuentroinformativo.com.mx\/?p=71834","title":{"rendered":"La Gobernadora coordina los trabajos de atenci\u00f3n a la emergencia: Ahued"},"content":{"rendered":"<p><strong>Dar\u00edo Pale<\/strong><\/p>\n<p>Xalapa, Ver.- La gobernadora del estado de Veracruz coordina personalmente los trabajos de atenci\u00f3n a la emergencia ocasionada por las intensas lluvias y el desbordamiento de r\u00edos que han afectado a gran parte del territorio veracruzano, principalmente la zona norte del estado.<\/p>\n<p>El secretario de Gobierno, Ricardo Ahued Bardahuil inform\u00f3 que la mandataria estatal se traslad\u00f3 a Poza Rica, una de las ciudades m\u00e1s golpeadas por las precipitaciones, acompa\u00f1ada por la titular de Protecci\u00f3n Civil, Guadalupe Osorno Maldonado, as\u00ed como por personal del DIF estatal, SIOP, Finanzas, y en coordinaci\u00f3n con las Fuerzas Armadas, la Marina y la Secretar\u00eda de Seguridad P\u00fablica.<\/p>\n<p>\u201cLa gobernadora no ha descansado. Viaj\u00f3 por aire y por tierra para supervisar los trabajos en las zonas m\u00e1s afectadas. Nos ha instruido mantenernos en alerta las 24 horas y coordinar los esfuerzos del gabinete para atender a la poblaci\u00f3n\u201d, se\u00f1al\u00f3.<\/p>\n<p>Las lluvias registradas durante las \u00faltimas horas provocaron el desbordamiento de diversos r\u00edos en la regi\u00f3n norte, afectando municipios como Poza Rica, \u00c1lamo y Tuxpan, as\u00ed como comunidades de la sierra de Zongolica y la zona centro.<\/p>\n<p>\u201cPoza Rica est\u00e1 pr\u00e1cticamente bajo el agua; es el municipio m\u00e1s afectado del estado en este momento. Sin embargo, tambi\u00e9n estamos atendiendo deslaves en Zongolica, afectaciones en Misantla, Mart\u00ednez de la Torre, Tlapacoyan y da\u00f1os en el sur\u201d, detall\u00f3.<\/p>\n<p>El funcionario confirm\u00f3 que m\u00e1s de mil elementos de la Marina, el Ej\u00e9rcito, la Guardia Nacional y la SSP se encuentran desplegados en las zonas afectadas, apoyando en las labores de rescate, evacuaci\u00f3n y traslado de personas a los albergues temporales.<\/p>\n<p>Durante las labores de auxilio, un elemento de la Polic\u00eda Estatal perdi\u00f3 la vida en Poza Rica al intentar ayudar a la poblaci\u00f3n afectada.<\/p>\n<p>\u201cLamentablemente falleci\u00f3 un polic\u00eda en cumplimiento de su deber. El gobierno estatal apoyar\u00e1 a su familia. Tambi\u00e9n hay reportes de personas desaparecidas que est\u00e1n siendo verificadas por las autoridades\u201d, inform\u00f3.<\/p>\n<p>Adem\u00e1s, se atienden reportes ciudadanos de personas que permanecen atrapadas en azoteas o incluso refugiadas en \u00e1rboles, a causa del aumento del nivel del agua. Brigadas de rescate apoyadas con lanchas y helic\u00f3pteros trabajan para llegar a estas zonas.<\/p>\n<p>El gobierno estatal inform\u00f3 que no habr\u00e1 limitaciones presupuestales para atender la emergencia.<\/p>\n<p>\u201cLa gobernadora fue muy clara: primero est\u00e1 la gente. No habr\u00e1 mezquindad con el recurso. Se har\u00e1n los ajustes necesarios en coordinaci\u00f3n con la Federaci\u00f3n. Contamos con el respaldo de la presidenta de la Rep\u00fablica para realizar el levantamiento de da\u00f1os y otorgar apoyos directos a las familias\u201d, asegur\u00f3 el secretario de Gobierno.<\/p>\n<p>Debido a que muchas comunidades en \u00c1lamo y zonas serranas permanecen incomunicadas, se establecieron puentes a\u00e9reos para trasladar v\u00edveres, medicamentos y personal de rescate.<\/p>\n<p>\u201cLa Marina y las Fuerzas Armadas est\u00e1n haciendo vuelos de auxilio para llegar a comunidades que no tienen acceso terrestre. Tambi\u00e9n se trasladan personas hacia albergues seguros\u201d, indic\u00f3.<\/p>\n<p>El DIF estatal mantiene activo un operativo de distribuci\u00f3n de despensas, colchonetas y art\u00edculos de primera necesidad en los refugios habilitados en la regi\u00f3n.<\/p>\n<p>Las intensas lluvias tambi\u00e9n afectaron carreteras y obras en construcci\u00f3n, que deber\u00e1n ser evaluadas una vez que las condiciones climatol\u00f3gicas mejoren.<\/p>\n<p>\u201cAlgunas obras viales sufrieron da\u00f1os por deslaves y acumulaci\u00f3n de agua, pero ser\u00e1n rehabilitadas. Lo prioritario ahora es salvar vidas y atender a la poblaci\u00f3n\u201d, precis\u00f3.<\/p>\n<p>El funcionario agreg\u00f3 que el fen\u00f3meno meteorol\u00f3gico afect\u00f3 cerca del 80% del territorio veracruzano, lo que lo convierte en uno de los eventos m\u00e1s graves registrados en los \u00faltimos a\u00f1os.<\/p>\n<p>Autoridades de Protecci\u00f3n Civil informaron que se mantiene la alerta por la crecida del r\u00edo Tuxpan, que amenaza con desbordarse en las pr\u00f3ximas horas. Asimismo, se registran cortes de energ\u00eda el\u00e9ctrica en zonas inundadas, los cuales est\u00e1n siendo atendidos por la Comisi\u00f3n Federal de Electricidad (CFE) para restablecer el servicio de forma segura.<\/p>\n<p>\u201cSe hicieron alertas tempranas, incluso antes de la lluvia, por eso se suspendieron las clases. Aunque hubo cr\u00edticas, esta decisi\u00f3n evit\u00f3 una tragedia mayor, pues muchas escuelas hoy se encuentran bajo el agua\u201d, aclar\u00f3 el secretario.<\/p>\n<p>El gobierno estatal anunci\u00f3 que, una vez controlada la emergencia, iniciar\u00e1 un censo de da\u00f1os a viviendas, comercios, cultivos y ganado, para canalizar apoyos estatales y federales.<\/p>\n<p>Asimismo, se coordinar\u00e1 con la iniciativa privada y las c\u00e1maras empresariales locales para reactivar la econom\u00eda en las zonas siniestradas.<\/p>\n<p>Finalmente se\u00f1al\u00f3 que, \u201choy la prioridad es salvar vidas y proteger a las familias, lo material se recupera. Veracruz saldr\u00e1 adelante con el trabajo conjunto del gobierno, las fuerzas armadas y la solidaridad del pueblo\u201d.<\/p>\n","protected":false},"excerpt":{"rendered":"<p>Dar\u00edo Pale Xalapa, Ver.- La gobernadora del estado de Veracruz coordina personalmente los trabajos de atenci\u00f3n a la emergencia ocasionada por las intensas lluvias y el desbordamiento de r\u00edos que han afectado a gran parte del territorio veracruzano, principalmente la zona norte del estado. El secretario de Gobierno, Ricardo Ahued Bardahuil inform\u00f3 que la mandataria [&hellip;]<\/p>\n","protected":false},"author":2476,"featured_media":71835,"comment_status":"open","ping_status":"open","sticky":false,"template":"","format":"standard","meta":{"_jetpack_memberships_contains_paid_content":false,"footnotes":""},"categories":[2],"tags":[],"class_list":["post-71834","post","type-post","status-publish","format-standard","has-post-thumbnail","hentry","category-estado"],"jetpack_featured_media_url":"https:\/\/encuentroinformativo.com.mx\/wp-content\/uploads\/2025\/10\/IMG-20251010-WA01142.jpg","jetpack_sharing_enabled":true,"jetpack_likes_enabled":true,"amp_enabled":true,"_links":{"self":[{"href":"https:\/\/encuentroinformativo.com.mx\/index.php?rest_route=\/wp\/v2\/posts\/71834","targetHints":{"allow":["GET"]}}],"collection":[{"href":"https:\/\/encuentroinformativo.com.mx\/index.php?rest_route=\/wp\/v2\/posts"}],"about":[{"href":"https:\/\/encuentroinformativo.com.mx\/index.php?rest_route=\/wp\/v2\/types\/post"}],"author":[{"embeddable":true,"href":"https:\/\/encuentroinformativo.com.mx\/index.php?rest_route=\/wp\/v2\/users\/2476"}],"replies":[{"embeddable":true,"href":"https:\/\/encuentroinformativo.com.mx\/index.php?rest_route=%2Fwp%2Fv2%2Fcomments&post=71834"}],"version-history":[{"count":1,"href":"https:\/\/encuentroinformativo.com.mx\/index.php?rest_route=\/wp\/v2\/posts\/71834\/revisions"}],"predecessor-version":[{"id":71836,"href":"https:\/\/encuentroinformativo.com.mx\/index.php?rest_route=\/wp\/v2\/posts\/71834\/revisions\/71836"}],"wp:featuredmedia":[{"embeddable":true,"href":"https:\/\/encuentroinformativo.com.mx\/index.php?rest_route=\/wp\/v2\/media\/71835"}],"wp:attachment":[{"href":"https:\/\/encuentroinformativo.com.mx\/index.php?rest_route=%2Fwp%2Fv2%2Fmedia&parent=71834"}],"wp:term":[{"taxonomy":"category","embeddable":true,"href":"https:\/\/encuentroinformativo.com.mx\/index.php?rest_route=%2Fwp%2Fv2%2Fcategories&post=71834"},{"taxonomy":"post_tag","embeddable":true,"href":"https:\/\/encuentroinformativo.com.mx\/index.php?rest_route=%2Fwp%2Fv2%2Ftags&post=71834"}],"curies":[{"name":"wp","href":"https:\/\/api.w.org\/{rel}","templated":true}]}}