{"id":71844,"date":"2025-10-10T15:08:50","date_gmt":"2025-10-10T21:08:50","guid":{"rendered":"https:\/\/encuentroinformativo.com.mx\/?p=71844"},"modified":"2025-10-10T15:08:50","modified_gmt":"2025-10-10T21:08:50","slug":"saldo-rojo-por-lluvias-dos-personas-pierden-la-vida-gobernadora","status":"publish","type":"post","link":"https:\/\/encuentroinformativo.com.mx\/?p=71844","title":{"rendered":"Saldo rojo por lluvias, dos personas pierden la vida: Gobernadora"},"content":{"rendered":"<p><strong>Dar\u00edo Pale<\/strong><\/p>\n<p>Xalapa, Ver.- Las intensas lluvias que han azotado el estado de Veracruz en los \u00faltimos d\u00edas han dejado dos personas fallecidas y miles de damnificados, inform\u00f3 este viernes la gobernadora del estado, Norma Roc\u00edo Nahle Garc\u00eda quien encabez\u00f3 una reuni\u00f3n con la Presidenta de M\u00e9xico para coordinar las acciones de atenci\u00f3n y rescate en las zonas m\u00e1s afectadas.<\/p>\n<p>Durante el encuentro, realizado al mediod\u00eda, se evalu\u00f3 la situaci\u00f3n de los estados con mayores da\u00f1os, siendo Veracruz uno de los m\u00e1s golpeados por las lluvias torrenciales.<\/p>\n<p>La mandataria estatal confirm\u00f3 que, aunque el nivel del r\u00edo Cazones ha comenzado a descender, el panorama sigue siendo cr\u00edtico en varios municipios, entre ellos \u00c1lamo, Poza Rica, Coatzintla y Los Reyes.<\/p>\n<p>\u201cLo m\u00e1s importante ahora es salvaguardar la seguridad de la poblaci\u00f3n. Afortunadamente ya est\u00e1 bajando el nivel del r\u00edo Cazones, pero a\u00fan hay m\u00e1s de 700 personas en albergues y cerca de 30 mil habitantes de Poza Rica afectados, lo que representa el 35% de la poblaci\u00f3n de la zona impactada\u201d, se\u00f1al\u00f3.<\/p>\n<p>La mandataria confirm\u00f3 el fallecimiento de dos personas a consecuencia de los deslaves y desbordamientos registrados durante las \u00faltimas horas.<\/p>\n<p>\u201cLamentablemente tenemos dos p\u00e9rdidas humanas. Una persona muri\u00f3 en Los Reyes, en la zona de Zongolica, cuando un derrumbe sepult\u00f3 el veh\u00edculo en el que viajaba. La segunda v\u00edctima es un polic\u00eda en Papantla, quien perdi\u00f3 la vida al intentar rescatar a una persona atrapada por la corriente\u201d, detall\u00f3.<\/p>\n<p>Hasta el momento, las autoridades no tienen reportes de personas desaparecidas, aunque contin\u00faan las labores de b\u00fasqueda y rescate en zonas rurales y comunidades incomunicadas.<\/p>\n<p>La gobernadora inform\u00f3 que elementos del Ej\u00e9rcito Mexicano, junto con protecci\u00f3n civil estatal y municipal, se encuentran desplegados en los municipios m\u00e1s afectados, donde se han instalado albergues, cocinas comunitarias y centros de atenci\u00f3n m\u00e9dica.<\/p>\n<p>\u201cTenemos ya operativos de rescate por aire y por lancha, y vamos hacia la zona para supervisar personalmente los trabajos. El Ej\u00e9rcito ha instalado cocinas comunitarias y distribuye alimentos y colchonetas para la poblaci\u00f3n desplazada\u201d, explic\u00f3.<\/p>\n<p>Asimismo, detall\u00f3 que la Comisi\u00f3n Federal de Electricidad (CFE) mantiene brigadas en distintas regiones, ya que Veracruz fue el estado con m\u00e1s cortes de energ\u00eda el\u00e9ctrica por motivos de seguridad durante la contingencia.<\/p>\n<p>La gobernadora adelant\u00f3 que, una vez que bajen los niveles de agua, se realizar\u00e1 un recuento de da\u00f1os a la infraestructura, especialmente caminos, puentes y viviendas.<\/p>\n<p>\u201cCuando el nivel del agua lo permita, haremos la evaluaci\u00f3n de infraestructura. Tenemos el respaldo total del Gobierno de M\u00e9xico y del Gobierno del Estado para atender todas las zonas afectadas, en especial \u00c1lamo, Poza Rica y Coatzintla\u201d, indic\u00f3.<\/p>\n<p>La mandataria reiter\u00f3 que la prioridad en este momento es la seguridad de la poblaci\u00f3n, y asegur\u00f3 que no se escatimar\u00e1n recursos ni esfuerzos para proteger la vida de los veracruzanos.<\/p>\n<p>Finalmente dio a conocer que, \u201cno quiero que haya una sola persona desatendida. Todo lo que se necesite est\u00e1 a disposici\u00f3n. Para eso son los impuestos de las y los veracruzanos, para atender a la gente en estos momentos dif\u00edciles\u201d.<\/p>\n","protected":false},"excerpt":{"rendered":"<p>Dar\u00edo Pale Xalapa, Ver.- Las intensas lluvias que han azotado el estado de Veracruz en los \u00faltimos d\u00edas han dejado dos personas fallecidas y miles de damnificados, inform\u00f3 este viernes la gobernadora del estado, Norma Roc\u00edo Nahle Garc\u00eda quien encabez\u00f3 una reuni\u00f3n con la Presidenta de M\u00e9xico para coordinar las acciones de atenci\u00f3n y rescate [&hellip;]<\/p>\n","protected":false},"author":2476,"featured_media":71845,"comment_status":"open","ping_status":"open","sticky":false,"template":"","format":"standard","meta":{"_jetpack_memberships_contains_paid_content":false,"footnotes":""},"categories":[2],"tags":[],"class_list":["post-71844","post","type-post","status-publish","format-standard","has-post-thumbnail","hentry","category-estado"],"jetpack_featured_media_url":"https:\/\/encuentroinformativo.com.mx\/wp-content\/uploads\/2025\/10\/IMG-20251010-WA01862.jpg","jetpack_sharing_enabled":true,"jetpack_likes_enabled":true,"amp_enabled":true,"_links":{"self":[{"href":"https:\/\/encuentroinformativo.com.mx\/index.php?rest_route=\/wp\/v2\/posts\/71844","targetHints":{"allow":["GET"]}}],"collection":[{"href":"https:\/\/encuentroinformativo.com.mx\/index.php?rest_route=\/wp\/v2\/posts"}],"about":[{"href":"https:\/\/encuentroinformativo.com.mx\/index.php?rest_route=\/wp\/v2\/types\/post"}],"author":[{"embeddable":true,"href":"https:\/\/encuentroinformativo.com.mx\/index.php?rest_route=\/wp\/v2\/users\/2476"}],"replies":[{"embeddable":true,"href":"https:\/\/encuentroinformativo.com.mx\/index.php?rest_route=%2Fwp%2Fv2%2Fcomments&post=71844"}],"version-history":[{"count":1,"href":"https:\/\/encuentroinformativo.com.mx\/index.php?rest_route=\/wp\/v2\/posts\/71844\/revisions"}],"predecessor-version":[{"id":71846,"href":"https:\/\/encuentroinformativo.com.mx\/index.php?rest_route=\/wp\/v2\/posts\/71844\/revisions\/71846"}],"wp:featuredmedia":[{"embeddable":true,"href":"https:\/\/encuentroinformativo.com.mx\/index.php?rest_route=\/wp\/v2\/media\/71845"}],"wp:attachment":[{"href":"https:\/\/encuentroinformativo.com.mx\/index.php?rest_route=%2Fwp%2Fv2%2Fmedia&parent=71844"}],"wp:term":[{"taxonomy":"category","embeddable":true,"href":"https:\/\/encuentroinformativo.com.mx\/index.php?rest_route=%2Fwp%2Fv2%2Fcategories&post=71844"},{"taxonomy":"post_tag","embeddable":true,"href":"https:\/\/encuentroinformativo.com.mx\/index.php?rest_route=%2Fwp%2Fv2%2Ftags&post=71844"}],"curies":[{"name":"wp","href":"https:\/\/api.w.org\/{rel}","templated":true}]}}