{"id":71850,"date":"2025-10-10T16:49:12","date_gmt":"2025-10-10T22:49:12","guid":{"rendered":"https:\/\/encuentroinformativo.com.mx\/?p=71850"},"modified":"2025-10-10T16:49:12","modified_gmt":"2025-10-10T22:49:12","slug":"capturan-a-antonio-n-ex-dirigente-del-prd-en-veracruz","status":"publish","type":"post","link":"https:\/\/encuentroinformativo.com.mx\/?p=71850","title":{"rendered":"Capturan a Antonio &#8220;N&#8221; ex dirigente del PRD en Veracruz"},"content":{"rendered":"<p><strong>Alejandro \u00c1vila<\/strong><\/p>\n<p>Veracruz, Ver.- Antonio &#8220;N&#8221; ex dirigente del PRD municipal de Veracruz, fue capturado por elementos de la Polic\u00eda Ministerial y presentado en los Juzgados ubicados en la avenida Fidel Vel\u00e1zquez, la ma\u00f1ana de este viernes 10 de octubre.<\/p>\n<p>Cabe mencionar que, el pol\u00edtico se encontraba pr\u00f3fugo de la justicia tras haber sido denunciado el pasado 30 de septiembre por la joven Edna Ruiz Herrera, a qui\u00e9n le habr\u00eda apuntado con un arma y amenazado de muerte a ella y su familia el pasado 25 de septiembre.<\/p>\n<p>Antonio &#8220;N&#8221; se habr\u00eda molestado porque en algunas calles del fraccionamiento Residencial del Bosque, al norte del municipio de Veracruz, vecinos colocaron macetas para evitar el tr\u00e1nsito de tr\u00e1ilers, d\u00edas antes el pol\u00edtico en presunto estado de ebriedad, choc\u00f3 contra las jardineras provocando afectaciones a su veh\u00edculo, lo cual desat\u00f3 su ira.<\/p>\n<p>El 25 de septiembre acudi\u00f3 a la vivienda de Edna Ruiz y acus\u00f3 a la ama de casa y a su marido de colocar las macetas, amenaz\u00e1ndolas con un arma de fuego y asegurando tener total impunidad ya que era muy allegado a funcionarios del Gobierno del Estado de Veracruz y del Ayuntamiento de Veracruz.<\/p>\n<p>Tras varios d\u00edas de b\u00fasqueda finalmente este viernes 10 de octubre fue capturado y presentado ante las autoridades correspondientes para el juicio que se llevar\u00e1 a cabo en pr\u00f3ximas horas.<\/p>\n","protected":false},"excerpt":{"rendered":"<p>Alejandro \u00c1vila Veracruz, Ver.- Antonio &#8220;N&#8221; ex dirigente del PRD municipal de Veracruz, fue capturado por elementos de la Polic\u00eda Ministerial y presentado en los Juzgados ubicados en la avenida Fidel Vel\u00e1zquez, la ma\u00f1ana de este viernes 10 de octubre. Cabe mencionar que, el pol\u00edtico se encontraba pr\u00f3fugo de la justicia tras haber sido denunciado [&hellip;]<\/p>\n","protected":false},"author":2476,"featured_media":71851,"comment_status":"open","ping_status":"open","sticky":false,"template":"","format":"standard","meta":{"_jetpack_memberships_contains_paid_content":false,"footnotes":""},"categories":[14],"tags":[],"class_list":["post-71850","post","type-post","status-publish","format-standard","has-post-thumbnail","hentry","category-policiaca"],"jetpack_featured_media_url":"https:\/\/encuentroinformativo.com.mx\/wp-content\/uploads\/2025\/10\/IMG-20251010-WA0256-scaled.jpg","jetpack_sharing_enabled":true,"jetpack_likes_enabled":true,"amp_enabled":true,"_links":{"self":[{"href":"https:\/\/encuentroinformativo.com.mx\/index.php?rest_route=\/wp\/v2\/posts\/71850","targetHints":{"allow":["GET"]}}],"collection":[{"href":"https:\/\/encuentroinformativo.com.mx\/index.php?rest_route=\/wp\/v2\/posts"}],"about":[{"href":"https:\/\/encuentroinformativo.com.mx\/index.php?rest_route=\/wp\/v2\/types\/post"}],"author":[{"embeddable":true,"href":"https:\/\/encuentroinformativo.com.mx\/index.php?rest_route=\/wp\/v2\/users\/2476"}],"replies":[{"embeddable":true,"href":"https:\/\/encuentroinformativo.com.mx\/index.php?rest_route=%2Fwp%2Fv2%2Fcomments&post=71850"}],"version-history":[{"count":1,"href":"https:\/\/encuentroinformativo.com.mx\/index.php?rest_route=\/wp\/v2\/posts\/71850\/revisions"}],"predecessor-version":[{"id":71852,"href":"https:\/\/encuentroinformativo.com.mx\/index.php?rest_route=\/wp\/v2\/posts\/71850\/revisions\/71852"}],"wp:featuredmedia":[{"embeddable":true,"href":"https:\/\/encuentroinformativo.com.mx\/index.php?rest_route=\/wp\/v2\/media\/71851"}],"wp:attachment":[{"href":"https:\/\/encuentroinformativo.com.mx\/index.php?rest_route=%2Fwp%2Fv2%2Fmedia&parent=71850"}],"wp:term":[{"taxonomy":"category","embeddable":true,"href":"https:\/\/encuentroinformativo.com.mx\/index.php?rest_route=%2Fwp%2Fv2%2Fcategories&post=71850"},{"taxonomy":"post_tag","embeddable":true,"href":"https:\/\/encuentroinformativo.com.mx\/index.php?rest_route=%2Fwp%2Fv2%2Ftags&post=71850"}],"curies":[{"name":"wp","href":"https:\/\/api.w.org\/{rel}","templated":true}]}}