{"id":71859,"date":"2025-10-10T20:38:12","date_gmt":"2025-10-11T02:38:12","guid":{"rendered":"https:\/\/encuentroinformativo.com.mx\/?p=71859"},"modified":"2025-10-10T20:38:12","modified_gmt":"2025-10-11T02:38:12","slug":"conductor-ileso-tras-caer-a-un-barranco-en-la-carretera-san-andres-santiago-tuxtla","status":"publish","type":"post","link":"https:\/\/encuentroinformativo.com.mx\/?p=71859","title":{"rendered":"Conductor Ileso tras caer a un barranco en la carretera San Andr\u00e9s &#8211; Santiago Tuxtla"},"content":{"rendered":"<p><strong>Armando Azamar<\/strong><\/p>\n<p>San Andr\u00e9s Tuxtla, Ver.- Un automovilista de 23 a\u00f1os se salv\u00f3 &#8220;de milagro&#8221; tras sufrir un aparatoso accidente vehicular durante este viernes 10 de octubre, cuando su autom\u00f3vil Volkswagen Bora se sali\u00f3 de la cinta asf\u00e1ltica y cay\u00f3 hacia un barranco sobre la carretera federal 180, en el tramo que conecta San Andr\u00e9s Tuxtla con Santiago Tuxtla.<\/p>\n<p>\u200bEl incidente, registrado poco despu\u00e9s de las 11 de la ma\u00f1ana, gener\u00f3 una intensa movilizaci\u00f3n de cuerpos de emergencia y seguridad, aunque, afortunadamente, solo se reportaron da\u00f1os materiales.<\/p>\n<p>\u200bDe acuerdo con el reporte de las autoridades, el conductor, identificado como Jorge Cuevas C., originario de Santiago Tuxtla, circulaba con direcci\u00f3n a San Andr\u00e9s Tuxtla cuando se vio obligado a realizar una maniobra evasiva.<\/p>\n<p>\u200bSeg\u00fan testimonio del propio conductor, perdi\u00f3 el control del volante al intentar esquivar a otro veh\u00edculo que presuntamente invadi\u00f3 su carril al realizar una maniobra de rebase imprudente.<\/p>\n<p>\u200bLa acci\u00f3n provoc\u00f3 que el veh\u00edculo saliera proyectado fuera de la carretera, cayendo en la zona baja del barranco e impact\u00e1ndose contra un \u00e1rbol y pese a la magnitud del accidente, el joven conductor result\u00f3 completamente ileso.<\/p>\n<p>\u200bElementos de la Polic\u00eda Municipal y de la Guardia Nacional Divisi\u00f3n Caminos acudieron de inmediato al sitio para tomar conocimiento de los hechos y dirigir el tr\u00e1fico, que se vio afectado por unas horas.<\/p>\n<p>\u200bUna unidad de Gr\u00faas San Mart\u00edn se encarg\u00f3 de las complejas maniobras de rescate para sacar el veh\u00edculo siniestrado de la zona de impacto.<\/p>\n<p><img loading=\"lazy\" decoding=\"async\" class=\"aligncenter size-medium wp-image-71861\" src=\"https:\/\/encuentroinformativo.com.mx\/wp-content\/uploads\/2025\/10\/IMG_20251010_203427_1300_x_1080_pixel-300x249.jpg\" alt=\"\" width=\"300\" height=\"249\" srcset=\"https:\/\/encuentroinformativo.com.mx\/wp-content\/uploads\/2025\/10\/IMG_20251010_203427_1300_x_1080_pixel-300x249.jpg 300w, https:\/\/encuentroinformativo.com.mx\/wp-content\/uploads\/2025\/10\/IMG_20251010_203427_1300_x_1080_pixel-1024x851.jpg 1024w, https:\/\/encuentroinformativo.com.mx\/wp-content\/uploads\/2025\/10\/IMG_20251010_203427_1300_x_1080_pixel-768x638.jpg 768w, https:\/\/encuentroinformativo.com.mx\/wp-content\/uploads\/2025\/10\/IMG_20251010_203427_1300_x_1080_pixel-600x500.jpg 600w, https:\/\/encuentroinformativo.com.mx\/wp-content\/uploads\/2025\/10\/IMG_20251010_203427_1300_x_1080_pixel.jpg 1300w\" sizes=\"auto, (max-width: 300px) 100vw, 300px\" \/><\/p>\n","protected":false},"excerpt":{"rendered":"<p>Armando Azamar San Andr\u00e9s Tuxtla, Ver.- Un automovilista de 23 a\u00f1os se salv\u00f3 &#8220;de milagro&#8221; tras sufrir un aparatoso accidente vehicular durante este viernes 10 de octubre, cuando su autom\u00f3vil Volkswagen Bora se sali\u00f3 de la cinta asf\u00e1ltica y cay\u00f3 hacia un barranco sobre la carretera federal 180, en el tramo que conecta San Andr\u00e9s [&hellip;]<\/p>\n","protected":false},"author":2476,"featured_media":71860,"comment_status":"open","ping_status":"open","sticky":false,"template":"","format":"standard","meta":{"_jetpack_memberships_contains_paid_content":false,"footnotes":""},"categories":[2],"tags":[],"class_list":["post-71859","post","type-post","status-publish","format-standard","has-post-thumbnail","hentry","category-estado"],"jetpack_featured_media_url":"https:\/\/encuentroinformativo.com.mx\/wp-content\/uploads\/2025\/10\/IMG_20251010_203411_1300_x_1080_pixel.jpg","jetpack_sharing_enabled":true,"jetpack_likes_enabled":true,"amp_enabled":true,"_links":{"self":[{"href":"https:\/\/encuentroinformativo.com.mx\/index.php?rest_route=\/wp\/v2\/posts\/71859","targetHints":{"allow":["GET"]}}],"collection":[{"href":"https:\/\/encuentroinformativo.com.mx\/index.php?rest_route=\/wp\/v2\/posts"}],"about":[{"href":"https:\/\/encuentroinformativo.com.mx\/index.php?rest_route=\/wp\/v2\/types\/post"}],"author":[{"embeddable":true,"href":"https:\/\/encuentroinformativo.com.mx\/index.php?rest_route=\/wp\/v2\/users\/2476"}],"replies":[{"embeddable":true,"href":"https:\/\/encuentroinformativo.com.mx\/index.php?rest_route=%2Fwp%2Fv2%2Fcomments&post=71859"}],"version-history":[{"count":2,"href":"https:\/\/encuentroinformativo.com.mx\/index.php?rest_route=\/wp\/v2\/posts\/71859\/revisions"}],"predecessor-version":[{"id":71863,"href":"https:\/\/encuentroinformativo.com.mx\/index.php?rest_route=\/wp\/v2\/posts\/71859\/revisions\/71863"}],"wp:featuredmedia":[{"embeddable":true,"href":"https:\/\/encuentroinformativo.com.mx\/index.php?rest_route=\/wp\/v2\/media\/71860"}],"wp:attachment":[{"href":"https:\/\/encuentroinformativo.com.mx\/index.php?rest_route=%2Fwp%2Fv2%2Fmedia&parent=71859"}],"wp:term":[{"taxonomy":"category","embeddable":true,"href":"https:\/\/encuentroinformativo.com.mx\/index.php?rest_route=%2Fwp%2Fv2%2Fcategories&post=71859"},{"taxonomy":"post_tag","embeddable":true,"href":"https:\/\/encuentroinformativo.com.mx\/index.php?rest_route=%2Fwp%2Fv2%2Ftags&post=71859"}],"curies":[{"name":"wp","href":"https:\/\/api.w.org\/{rel}","templated":true}]}}