{"id":71876,"date":"2025-10-11T16:21:55","date_gmt":"2025-10-11T22:21:55","guid":{"rendered":"https:\/\/encuentroinformativo.com.mx\/?p=71876"},"modified":"2025-10-11T16:21:55","modified_gmt":"2025-10-11T22:21:55","slug":"mantiene-gobierno-federal-vigilancia-en-niveles-de-rios-laura-velazquez","status":"publish","type":"post","link":"https:\/\/encuentroinformativo.com.mx\/?p=71876","title":{"rendered":"Mantiene gobierno federal vigilancia en niveles de r\u00edos: Laura Vel\u00e1zquez"},"content":{"rendered":"<p><strong>Dar\u00edo Pale<\/strong><\/p>\n<p>Xalapa, Ver.- La coordinadora nacional de Protecci\u00f3n Civil, Laura Vel\u00e1zquez Alz\u00faa, inform\u00f3 que el Gobierno Federal mantiene una vigilancia permanente de los niveles de los r\u00edos y del servicio el\u00e9ctrico en los municipios del norte de Veracruz, principalmente en Poza Rica y \u00c1lamo, tras las intensas lluvias que han afectado a la regi\u00f3n en los \u00faltimos d\u00edas.<\/p>\n<p>Durante un recorrido de supervisi\u00f3n junto a la gobernadora Roc\u00edo Nahle Garc\u00eda, Vel\u00e1zquez se\u00f1al\u00f3 que la prioridad es evitar nuevos desbordamientos y garantizar la seguridad de la poblaci\u00f3n.<\/p>\n<p>\u201cAmanecimos con lluvia aqu\u00ed en Poza Rica y lo que estamos vigilando es que no siga el incremento de los r\u00edos, que en efecto puede afectar directamente a las poblaciones. Estamos con CONAGUA y vigilando todos los niveles\u201d, explic\u00f3 la funcionaria federal.<\/p>\n<p>La coordinadora detall\u00f3 que el municipio de \u00c1lamo sigue siendo uno de los m\u00e1s afectados, ya que el servicio el\u00e9ctrico se mantiene suspendido de manera preventiva debido al alto nivel del agua.<\/p>\n<p>\u201cNo hay luz en \u00c1lamo porque el nivel de inundaci\u00f3n todav\u00eda es alto. Esperamos que en el transcurso del d\u00eda bajen los niveles para restablecer el servicio\u201d, dijo Vel\u00e1zquez.<\/p>\n<p>Asimismo, indic\u00f3 que personal de la CFE, la Secretar\u00eda de Infraestructura y Comunicaciones y Transportes (SICT) y Protecci\u00f3n Civil trabajan en la rehabilitaci\u00f3n de caminos y carreteras. Todas las v\u00edas federales est\u00e1n habilitadas, mientras que 17 tramos estatales y caminos rurales presentan da\u00f1os que ya est\u00e1n siendo atendidos.<\/p>\n<p>Vel\u00e1zquez confirm\u00f3 que el Gobierno Federal cuenta con v\u00edveres, plantas potabilizadoras y agua embotellada listas para su distribuci\u00f3n, y que el puente a\u00e9reo hacia comunidades incomunicadas iniciar\u00e1 en cuanto las condiciones clim\u00e1ticas lo permitan.<\/p>\n<p>\u201cLo \u00fanico que nos preocupa es llegar a las comunidades donde no se puede acceder por tierra. Ya tenemos todos los insumos y el apoyo total de Sedena y Marina. Son m\u00e1s de mil 500 servidores p\u00fablicos desplegados para servir a la poblaci\u00f3n\u201d, asegur\u00f3.<\/p>\n<p>La funcionaria federal inform\u00f3 que hoy inici\u00f3 formalmente la limpieza en la avenida Ruiz Cortines de Poza Rica, con la participaci\u00f3n de personal de los tres niveles de gobierno. Tambi\u00e9n se han instalado m\u00e1s de 19 consultorios m\u00f3viles para brindar atenci\u00f3n m\u00e9dica y campa\u00f1as de vacunaci\u00f3n, adem\u00e1s de albergues con comida caliente para los damnificados.<\/p>\n<p>\u201cNo estamos dejando nada fuera. Estamos atendiendo a toda la poblaci\u00f3n de Veracruz, que fue el estado m\u00e1s afectado por estas lluvias\u201d, puntualiz\u00f3.<\/p>\n<p>Ante reportes de intentos de saqueo en algunas colonias, Vel\u00e1zquez Alz\u00faa indic\u00f3 que se reforz\u00f3 la presencia de la Guardia Nacional y de las polic\u00edas estatal y municipal para garantizar la seguridad p\u00fablica y proteger los comercios.<\/p>\n<p>\u201cHubo intenciones de rapi\u00f1a, pero ya hay presencia permanente de la Guardia Nacional. Se ha definido que habr\u00e1 vigilancia especial en las colonias y comercios para restablecer el abasto y proteger a la gente\u201d, explic\u00f3.<\/p>\n<p>Vel\u00e1zquez hizo un llamado a la poblaci\u00f3n de \u00c1lamo a mantener la calma y confiar en el trabajo de las autoridades. Inform\u00f3 que brigadas federales y estatales ya distribuyen alimentos y medicamentos directamente en los domicilios, especialmente a familias que permanecen en segundos pisos por las inundaciones.<\/p>\n<p>\u201cEstamos aqu\u00ed, no nos vamos a mover. Estamos llevando medicamentos y comida caliente a los refugios. Lo \u00fanico que pedimos es paciencia, porque vamos a restablecer todos los servicios lo antes posible\u201d, asegur\u00f3.<\/p>\n<p>Finalmente, la coordinadora se\u00f1al\u00f3 que el retorno a clases ser\u00e1 definido por la gobernadora Roc\u00edo Nahle este mismo d\u00eda, una vez que se eval\u00faen las condiciones en cada municipio.<\/p>\n<p>\u201cProbablemente en algunos municipios con inundaci\u00f3n no haya clases, pero en el resto del estado podr\u00eda haber actividad educativa normal\u201d, coment\u00f3.<\/p>\n<p>Vel\u00e1zquez Alz\u00faa confirm\u00f3 que permanecer\u00e1 en Veracruz hasta que se restablezca completamente la comunicaci\u00f3n y la seguridad en las zonas afectadas.<\/p>\n<p>Finalmente se\u00f1al\u00f3 que, \u201caqu\u00ed me quedo para apoyar a la gobernadora y a la poblaci\u00f3n de Veracruz. No nos moveremos hasta que la emergencia est\u00e9 completamente atendida\u201d.<\/p>\n<p><img loading=\"lazy\" decoding=\"async\" class=\"aligncenter size-medium wp-image-71879\" src=\"https:\/\/encuentroinformativo.com.mx\/wp-content\/uploads\/2025\/10\/IMG-20251011-WA0157-300x187.jpg\" alt=\"\" width=\"300\" height=\"187\" srcset=\"https:\/\/encuentroinformativo.com.mx\/wp-content\/uploads\/2025\/10\/IMG-20251011-WA0157-300x187.jpg 300w, https:\/\/encuentroinformativo.com.mx\/wp-content\/uploads\/2025\/10\/IMG-20251011-WA0157-1024x637.jpg 1024w, https:\/\/encuentroinformativo.com.mx\/wp-content\/uploads\/2025\/10\/IMG-20251011-WA0157-768x478.jpg 768w, https:\/\/encuentroinformativo.com.mx\/wp-content\/uploads\/2025\/10\/IMG-20251011-WA0157-464x290.jpg 464w, https:\/\/encuentroinformativo.com.mx\/wp-content\/uploads\/2025\/10\/IMG-20251011-WA0157.jpg 1050w\" sizes=\"auto, (max-width: 300px) 100vw, 300px\" \/><\/p>\n","protected":false},"excerpt":{"rendered":"<p>Dar\u00edo Pale Xalapa, Ver.- La coordinadora nacional de Protecci\u00f3n Civil, Laura Vel\u00e1zquez Alz\u00faa, inform\u00f3 que el Gobierno Federal mantiene una vigilancia permanente de los niveles de los r\u00edos y del servicio el\u00e9ctrico en los municipios del norte de Veracruz, principalmente en Poza Rica y \u00c1lamo, tras las intensas lluvias que han afectado a la regi\u00f3n [&hellip;]<\/p>\n","protected":false},"author":2476,"featured_media":71877,"comment_status":"open","ping_status":"open","sticky":false,"template":"","format":"standard","meta":{"_jetpack_memberships_contains_paid_content":false,"footnotes":""},"categories":[2],"tags":[],"class_list":["post-71876","post","type-post","status-publish","format-standard","has-post-thumbnail","hentry","category-estado"],"jetpack_featured_media_url":"https:\/\/encuentroinformativo.com.mx\/wp-content\/uploads\/2025\/10\/IMG-20251011-WA0153.jpg","jetpack_sharing_enabled":true,"jetpack_likes_enabled":true,"amp_enabled":true,"_links":{"self":[{"href":"https:\/\/encuentroinformativo.com.mx\/index.php?rest_route=\/wp\/v2\/posts\/71876","targetHints":{"allow":["GET"]}}],"collection":[{"href":"https:\/\/encuentroinformativo.com.mx\/index.php?rest_route=\/wp\/v2\/posts"}],"about":[{"href":"https:\/\/encuentroinformativo.com.mx\/index.php?rest_route=\/wp\/v2\/types\/post"}],"author":[{"embeddable":true,"href":"https:\/\/encuentroinformativo.com.mx\/index.php?rest_route=\/wp\/v2\/users\/2476"}],"replies":[{"embeddable":true,"href":"https:\/\/encuentroinformativo.com.mx\/index.php?rest_route=%2Fwp%2Fv2%2Fcomments&post=71876"}],"version-history":[{"count":2,"href":"https:\/\/encuentroinformativo.com.mx\/index.php?rest_route=\/wp\/v2\/posts\/71876\/revisions"}],"predecessor-version":[{"id":71880,"href":"https:\/\/encuentroinformativo.com.mx\/index.php?rest_route=\/wp\/v2\/posts\/71876\/revisions\/71880"}],"wp:featuredmedia":[{"embeddable":true,"href":"https:\/\/encuentroinformativo.com.mx\/index.php?rest_route=\/wp\/v2\/media\/71877"}],"wp:attachment":[{"href":"https:\/\/encuentroinformativo.com.mx\/index.php?rest_route=%2Fwp%2Fv2%2Fmedia&parent=71876"}],"wp:term":[{"taxonomy":"category","embeddable":true,"href":"https:\/\/encuentroinformativo.com.mx\/index.php?rest_route=%2Fwp%2Fv2%2Fcategories&post=71876"},{"taxonomy":"post_tag","embeddable":true,"href":"https:\/\/encuentroinformativo.com.mx\/index.php?rest_route=%2Fwp%2Fv2%2Ftags&post=71876"}],"curies":[{"name":"wp","href":"https:\/\/api.w.org\/{rel}","templated":true}]}}