{"id":71881,"date":"2025-10-11T16:32:58","date_gmt":"2025-10-11T22:32:58","guid":{"rendered":"https:\/\/encuentroinformativo.com.mx\/?p=71881"},"modified":"2025-10-11T16:32:58","modified_gmt":"2025-10-11T22:32:58","slug":"tempus-quartet-reprograma-concierto-en-veracruz-para-el-1-de-noviembre","status":"publish","type":"post","link":"https:\/\/encuentroinformativo.com.mx\/?p=71881","title":{"rendered":"Tempus Quartet reprograma concierto en Veracruz para el 1 de noviembre"},"content":{"rendered":"<p><strong>Alejandro \u00c1vila<\/strong><\/p>\n<p>Veracruz, Ver.- Debido a las afecciones provocadas por la tormenta tropical Raymond en el norte del estado de Veracruz, las v\u00edas de comunicaci\u00f3n se encuentran incomunicadas y la agrupaci\u00f3n TEMPUS Quartet se encuentra en Tampico, por lo que es imposible llegar al Puerto de Veracruz para el concierto que dar\u00edan este s\u00e1bado 11 de octubre.<\/p>\n<p>La producci\u00f3n informa que el concierto se pospone para el s\u00e1bado 1 de noviembre a las 19:00 horas en el Teatro de la Reforma.<\/p>\n<p>De la misma manera se inform\u00f3 que todas las personas que hayan adquirido entradas para el concierto programado para este s\u00e1bado ser\u00e1n totalmente v\u00e1lidas para la nueva fecha el 1 de noviembre.<\/p>\n","protected":false},"excerpt":{"rendered":"<p>Alejandro \u00c1vila Veracruz, Ver.- Debido a las afecciones provocadas por la tormenta tropical Raymond en el norte del estado de Veracruz, las v\u00edas de comunicaci\u00f3n se encuentran incomunicadas y la agrupaci\u00f3n TEMPUS Quartet se encuentra en Tampico, por lo que es imposible llegar al Puerto de Veracruz para el concierto que dar\u00edan este s\u00e1bado 11 [&hellip;]<\/p>\n","protected":false},"author":2476,"featured_media":71882,"comment_status":"open","ping_status":"open","sticky":false,"template":"","format":"standard","meta":{"_jetpack_memberships_contains_paid_content":false,"footnotes":""},"categories":[2],"tags":[],"class_list":["post-71881","post","type-post","status-publish","format-standard","has-post-thumbnail","hentry","category-estado"],"jetpack_featured_media_url":"https:\/\/encuentroinformativo.com.mx\/wp-content\/uploads\/2025\/10\/IMG-20251011-WA0179.jpg","jetpack_sharing_enabled":true,"jetpack_likes_enabled":true,"amp_enabled":true,"_links":{"self":[{"href":"https:\/\/encuentroinformativo.com.mx\/index.php?rest_route=\/wp\/v2\/posts\/71881","targetHints":{"allow":["GET"]}}],"collection":[{"href":"https:\/\/encuentroinformativo.com.mx\/index.php?rest_route=\/wp\/v2\/posts"}],"about":[{"href":"https:\/\/encuentroinformativo.com.mx\/index.php?rest_route=\/wp\/v2\/types\/post"}],"author":[{"embeddable":true,"href":"https:\/\/encuentroinformativo.com.mx\/index.php?rest_route=\/wp\/v2\/users\/2476"}],"replies":[{"embeddable":true,"href":"https:\/\/encuentroinformativo.com.mx\/index.php?rest_route=%2Fwp%2Fv2%2Fcomments&post=71881"}],"version-history":[{"count":1,"href":"https:\/\/encuentroinformativo.com.mx\/index.php?rest_route=\/wp\/v2\/posts\/71881\/revisions"}],"predecessor-version":[{"id":71883,"href":"https:\/\/encuentroinformativo.com.mx\/index.php?rest_route=\/wp\/v2\/posts\/71881\/revisions\/71883"}],"wp:featuredmedia":[{"embeddable":true,"href":"https:\/\/encuentroinformativo.com.mx\/index.php?rest_route=\/wp\/v2\/media\/71882"}],"wp:attachment":[{"href":"https:\/\/encuentroinformativo.com.mx\/index.php?rest_route=%2Fwp%2Fv2%2Fmedia&parent=71881"}],"wp:term":[{"taxonomy":"category","embeddable":true,"href":"https:\/\/encuentroinformativo.com.mx\/index.php?rest_route=%2Fwp%2Fv2%2Fcategories&post=71881"},{"taxonomy":"post_tag","embeddable":true,"href":"https:\/\/encuentroinformativo.com.mx\/index.php?rest_route=%2Fwp%2Fv2%2Ftags&post=71881"}],"curies":[{"name":"wp","href":"https:\/\/api.w.org\/{rel}","templated":true}]}}