{"id":71884,"date":"2025-10-11T16:44:12","date_gmt":"2025-10-11T22:44:12","guid":{"rendered":"https:\/\/encuentroinformativo.com.mx\/?p=71884"},"modified":"2025-10-11T16:44:12","modified_gmt":"2025-10-11T22:44:12","slug":"brilla-veracruzana-en-certamen-de-belleza-realizado-en-albania","status":"publish","type":"post","link":"https:\/\/encuentroinformativo.com.mx\/?p=71884","title":{"rendered":"Brilla veracruzana en certamen de belleza realizado en Albania"},"content":{"rendered":"<p><strong>Alejandro \u00c1vila<\/strong><\/p>\n<p>Veracruz, Ver.- La veracruzana oriunda del municipio de Misantla, Adriana Bautista contin\u00faa en la concentraci\u00f3n internacional en Albania, pa\u00eds donde se lleva a cabo el certamen The Miss Globe International 2025.<\/p>\n<p>Adriana Bautista, The Miss Globe M\u00e9xico, lleva dignamente la representaci\u00f3n de nuestro pa\u00eds en este prestigiado certamen de belleza internacional en donde las participantes pasar\u00e1n por varias etapas para que una de ellas sea la triunfal ganadora.<\/p>\n<p>Veracruz est\u00e1 con Adriana Bautista, quien adem\u00e1s se sabe que ha hecho muy buenas amigas con sus compa\u00f1eras participantes de m\u00e1s de 50 pa\u00edses; la gran final internacional ser\u00e1 el pr\u00f3ximo 15 de octubre.<\/p>\n","protected":false},"excerpt":{"rendered":"<p>Alejandro \u00c1vila Veracruz, Ver.- La veracruzana oriunda del municipio de Misantla, Adriana Bautista contin\u00faa en la concentraci\u00f3n internacional en Albania, pa\u00eds donde se lleva a cabo el certamen The Miss Globe International 2025. Adriana Bautista, The Miss Globe M\u00e9xico, lleva dignamente la representaci\u00f3n de nuestro pa\u00eds en este prestigiado certamen de belleza internacional en donde [&hellip;]<\/p>\n","protected":false},"author":2476,"featured_media":71885,"comment_status":"open","ping_status":"open","sticky":false,"template":"","format":"standard","meta":{"_jetpack_memberships_contains_paid_content":false,"footnotes":""},"categories":[2,13],"tags":[],"class_list":["post-71884","post","type-post","status-publish","format-standard","has-post-thumbnail","hentry","category-estado","category-internacional"],"jetpack_featured_media_url":"https:\/\/encuentroinformativo.com.mx\/wp-content\/uploads\/2025\/10\/IMG-20251011-WA02222.jpg","jetpack_sharing_enabled":true,"jetpack_likes_enabled":true,"amp_enabled":true,"_links":{"self":[{"href":"https:\/\/encuentroinformativo.com.mx\/index.php?rest_route=\/wp\/v2\/posts\/71884","targetHints":{"allow":["GET"]}}],"collection":[{"href":"https:\/\/encuentroinformativo.com.mx\/index.php?rest_route=\/wp\/v2\/posts"}],"about":[{"href":"https:\/\/encuentroinformativo.com.mx\/index.php?rest_route=\/wp\/v2\/types\/post"}],"author":[{"embeddable":true,"href":"https:\/\/encuentroinformativo.com.mx\/index.php?rest_route=\/wp\/v2\/users\/2476"}],"replies":[{"embeddable":true,"href":"https:\/\/encuentroinformativo.com.mx\/index.php?rest_route=%2Fwp%2Fv2%2Fcomments&post=71884"}],"version-history":[{"count":1,"href":"https:\/\/encuentroinformativo.com.mx\/index.php?rest_route=\/wp\/v2\/posts\/71884\/revisions"}],"predecessor-version":[{"id":71886,"href":"https:\/\/encuentroinformativo.com.mx\/index.php?rest_route=\/wp\/v2\/posts\/71884\/revisions\/71886"}],"wp:featuredmedia":[{"embeddable":true,"href":"https:\/\/encuentroinformativo.com.mx\/index.php?rest_route=\/wp\/v2\/media\/71885"}],"wp:attachment":[{"href":"https:\/\/encuentroinformativo.com.mx\/index.php?rest_route=%2Fwp%2Fv2%2Fmedia&parent=71884"}],"wp:term":[{"taxonomy":"category","embeddable":true,"href":"https:\/\/encuentroinformativo.com.mx\/index.php?rest_route=%2Fwp%2Fv2%2Fcategories&post=71884"},{"taxonomy":"post_tag","embeddable":true,"href":"https:\/\/encuentroinformativo.com.mx\/index.php?rest_route=%2Fwp%2Fv2%2Ftags&post=71884"}],"curies":[{"name":"wp","href":"https:\/\/api.w.org\/{rel}","templated":true}]}}