{"id":71900,"date":"2025-10-12T16:47:46","date_gmt":"2025-10-12T22:47:46","guid":{"rendered":"https:\/\/encuentroinformativo.com.mx\/?p=71900"},"modified":"2025-10-12T16:47:46","modified_gmt":"2025-10-12T22:47:46","slug":"se-suma-movimiento-chucho-el-roto-a-colecta-de-viveres-para-damnificados","status":"publish","type":"post","link":"https:\/\/encuentroinformativo.com.mx\/?p=71900","title":{"rendered":"Se suma movimiento &#8220;Chucho el Roto&#8221; a colecta de v\u00edveres para damnificados"},"content":{"rendered":"<p><strong>Dar\u00edo Pale<\/strong><\/p>\n<p>Xalapa, Ver.- Integrantes del Movimiento de Lucha Social en favor de la reclasificaci\u00f3n de tarifas el\u00e9ctricas \u201cChucho el Roto\u201d realizaron una colecta de v\u00edveres en apoyo a las familias afectadas por las recientes contingencias en el norte del estado, reafirmando su compromiso con la solidaridad y la organizaci\u00f3n ciudadana.<\/p>\n<p>Jorge Morales Barradas, vocero y secretario del movimiento, destac\u00f3 que esta iniciativa representa \u201cun llamado a la empat\u00eda y al poder del pueblo\u201d, subrayando que la ayuda no proviene del gobierno, sino del propio pueblo hacia el pueblo.<\/p>\n<p>\u201cHicimos la convocatoria con nuestros amigos, con nuestros afiliados a la Asociaci\u00f3n Civil Leyenda de Chucho el Roto. Hoy acudieron compa\u00f1eros de distintas regiones con v\u00edveres y continuaremos recabando apoyo. Este esfuerzo demuestra la fuerza del pueblo cuando se une por una causa justa\u201d, expres\u00f3 Morales Barradas.<\/p>\n<p>El representante del movimiento enfatiz\u00f3 que la colecta busca llevar ayuda humanitaria a las comunidades del norte de Veracruz, donde muchas familias atraviesan momentos dif\u00edciles a causa de los recientes fen\u00f3menos naturales.<\/p>\n<p>\u201cDesde Xalapa, Actopan, Alto Lucero, Trapiche del Rosario y Coyolillo estamos en unidad con ellos. Queremos mitigar, aunque sea un poco, el dolor que hoy viven nuestros hermanos veracruzanos\u201d, a\u00f1adi\u00f3.<\/p>\n<p>Por su parte, Natalio L\u00f3pez Cueva, originario de Coyolillo y participante en la iniciativa, llam\u00f3 a la poblaci\u00f3n a mantener la solidaridad activa, recordando que \u201choy son ellos, ma\u00f1ana podemos ser nosotros\u201d.<\/p>\n<p>Morales Barradas reiter\u00f3 que la uni\u00f3n y el humanismo deben prevalecer por encima del poder gubernamental, se\u00f1alando que la verdadera fuerza de una sociedad est\u00e1 en su capacidad de organizarse y apoyar a los dem\u00e1s.<\/p>\n<p>\u201cPor encima del poder del gobierno debe estar el poder del pueblo. Este tipo de acciones reflejan la humanidad, la armon\u00eda y la empat\u00eda que necesitamos para salir adelante entre todos\u201d, concluy\u00f3.<\/p>\n<p>Finalmente coment\u00f3 que la colecta continuar\u00e1 en los pr\u00f3ximos d\u00edas, con centros de acopio instalados por los miembros del movimiento en distintos municipios de la regi\u00f3n centro de Veracruz.<\/p>\n","protected":false},"excerpt":{"rendered":"<p>Dar\u00edo Pale Xalapa, Ver.- Integrantes del Movimiento de Lucha Social en favor de la reclasificaci\u00f3n de tarifas el\u00e9ctricas \u201cChucho el Roto\u201d realizaron una colecta de v\u00edveres en apoyo a las familias afectadas por las recientes contingencias en el norte del estado, reafirmando su compromiso con la solidaridad y la organizaci\u00f3n ciudadana. Jorge Morales Barradas, vocero [&hellip;]<\/p>\n","protected":false},"author":2476,"featured_media":71901,"comment_status":"open","ping_status":"open","sticky":false,"template":"","format":"standard","meta":{"_jetpack_memberships_contains_paid_content":false,"footnotes":""},"categories":[2],"tags":[],"class_list":["post-71900","post","type-post","status-publish","format-standard","has-post-thumbnail","hentry","category-estado"],"jetpack_featured_media_url":"https:\/\/encuentroinformativo.com.mx\/wp-content\/uploads\/2025\/10\/IMG-20251012-WA01781.jpg","jetpack_sharing_enabled":true,"jetpack_likes_enabled":true,"amp_enabled":true,"_links":{"self":[{"href":"https:\/\/encuentroinformativo.com.mx\/index.php?rest_route=\/wp\/v2\/posts\/71900","targetHints":{"allow":["GET"]}}],"collection":[{"href":"https:\/\/encuentroinformativo.com.mx\/index.php?rest_route=\/wp\/v2\/posts"}],"about":[{"href":"https:\/\/encuentroinformativo.com.mx\/index.php?rest_route=\/wp\/v2\/types\/post"}],"author":[{"embeddable":true,"href":"https:\/\/encuentroinformativo.com.mx\/index.php?rest_route=\/wp\/v2\/users\/2476"}],"replies":[{"embeddable":true,"href":"https:\/\/encuentroinformativo.com.mx\/index.php?rest_route=%2Fwp%2Fv2%2Fcomments&post=71900"}],"version-history":[{"count":1,"href":"https:\/\/encuentroinformativo.com.mx\/index.php?rest_route=\/wp\/v2\/posts\/71900\/revisions"}],"predecessor-version":[{"id":71902,"href":"https:\/\/encuentroinformativo.com.mx\/index.php?rest_route=\/wp\/v2\/posts\/71900\/revisions\/71902"}],"wp:featuredmedia":[{"embeddable":true,"href":"https:\/\/encuentroinformativo.com.mx\/index.php?rest_route=\/wp\/v2\/media\/71901"}],"wp:attachment":[{"href":"https:\/\/encuentroinformativo.com.mx\/index.php?rest_route=%2Fwp%2Fv2%2Fmedia&parent=71900"}],"wp:term":[{"taxonomy":"category","embeddable":true,"href":"https:\/\/encuentroinformativo.com.mx\/index.php?rest_route=%2Fwp%2Fv2%2Fcategories&post=71900"},{"taxonomy":"post_tag","embeddable":true,"href":"https:\/\/encuentroinformativo.com.mx\/index.php?rest_route=%2Fwp%2Fv2%2Ftags&post=71900"}],"curies":[{"name":"wp","href":"https:\/\/api.w.org\/{rel}","templated":true}]}}