{"id":71912,"date":"2025-10-13T10:45:11","date_gmt":"2025-10-13T16:45:11","guid":{"rendered":"https:\/\/encuentroinformativo.com.mx\/?p=71912"},"modified":"2025-10-13T10:45:11","modified_gmt":"2025-10-13T16:45:11","slug":"el-porcentaje-de-desempleo-en-2025","status":"publish","type":"post","link":"https:\/\/encuentroinformativo.com.mx\/?p=71912","title":{"rendered":"EL PORCENTAJE DE DESEMPLEO EN 2025"},"content":{"rendered":"<p><strong>Columna de Opini\u00f3n\u00a0<\/strong><\/p>\n<p><strong>MAP. Ricardo Meza Dom\u00ednguez<\/strong><\/p>\n<p>Ciudad de M\u00e9xico.- El desempleo en M\u00e9xico seg\u00fan la percepci\u00f3n ha disminuido as\u00ed se refleja en las encuestas, pues la tasa de desempleo se ubico en 2.9% en agosto del 2025, en el mismo mes, pero del 2024 reflejo 0.1% punto porcentual menos sobre el mismo mes, pero a pesar de la reducci\u00f3n en el desempleo como lo indican las encuestas, el reto del mercado laboral en M\u00e9xico sigue siendo la informalidad, pues refleja una expansi\u00f3n que ha alcanzado la mitad de los trabajadores en el octavo mes del 2025.<\/p>\n<p>Seg\u00fan porcentaje de la PEA (Poblaci\u00f3n Econ\u00f3micamente Activa) en el sexenio anterior y parte del actual hay variaciones del desempleo; en 2018 se refleja el 3.5%, en 2019 un 3.7%, en 2020 un 5.3%aqui hay un aumento del desempleo por la pandemia que atraves\u00f3 el pa\u00eds, en 2021 fue 4.3%, en 2023un 3.0%, en 2024 un 3.0% y ya en 3l 2025 se refleja el 2.9% de desempleo muy por debajo al inicio del sexenio anterior en el mandato de L\u00f3pez Obrador.<\/p>\n<p>Durante esta administraci\u00f3n la poblaci\u00f3n ocupada en la informalidad laboral es de 32.6 millones de personas, la cual es el 54.8% de la poblaci\u00f3n ocupada, es un 0.5% superior al reporte del 2024.<\/p>\n<p>Pero la ocupaci\u00f3n es sobre el sector informal que es de 17.6 millones de personas en edad de trabajar que est\u00e1n ocupadas en un trabajo informal o desempleados buscando activamente un trabajo para poder producir bienes y servicios. El 29.6% de la poblaci\u00f3n ocupada es de 1.4 puntos porcentuales por arriba de la registrada en el mismo mes de un a\u00f1o antes.<br \/>\nExisten variaciones del desempleo, veamos el valor de la econom\u00eda informal: La econom\u00eda informal super\u00f3 los 6 billones de pesos, con un aumento del 4.2% anual. Este incremento subraya la importancia de este sector en la econom\u00eda del pa\u00eds.<\/p>\n<p>Las variaciones por estados reflejan otros datos: por ejemplo, en algunas entidades federativas experimentaron incrementos m\u00e1s significativos en el empleo informal. Como Zacatecas y Guerrero lideraron este crecimiento con aumentos del 11.4% y 9.7%, respectivamente.<\/p>\n<p>Los analistas de operaciones Manpower M\u00e9xico, observaron que en el pa\u00eds se necesita generar entre un mill\u00f3n y un mill\u00f3n cien mil empleos formales anualmente para absorber a la poblaci\u00f3n en edad de trabajar y evitar que opten por laborar desde la informalidad.<\/p>\n<p>Cabe mencionar que es importante considerar que la econom\u00eda informal que incluye tanto el sector informal (actividades econ\u00f3micas de empresas no formalizadas) como otras modalidades de informalidad (trabajadores en unidades econ\u00f3micas formales sin seguridad social ni prestaciones), es conveniente decir que parte de los empleos informales que se generan son creados con parte de los apoyos que brinda el gobierno a los adultos mayores, madres solteras entre otros.<\/p>\n<p>Otro aspecto que no ha impactado de forma dram\u00e1tica al pa\u00eds es la falta de inversi\u00f3n extranjera para la generaci\u00f3n de empleos formales, hasta el momento el pa\u00eds se ha mantenido en un nivel regular sin muchas oportunidades laborales, pero con una econom\u00eda estable, aunque en las empresas nacionales se han visto afectadas por la ca\u00edda en las contrataciones como son la agricultura, los servicios profesionales y de la construcci\u00f3n.<\/p>\n<p>En el INEGI (Instituto Nacional de Estad\u00edstica y Geograf\u00eda) tiene un registro de la p\u00e9rdida de puestos de trabajo formales de 401,835 puestos laborales, y en cuanto a puestos de trabajo informal se registro un aumento de 201,000 puestos de trabajo y esto en los \u00faltimos doce meses, sumando con esto 32.6 millones en el mes de agosto del presente a\u00f1o.<\/p>\n<p><img loading=\"lazy\" decoding=\"async\" class=\"aligncenter size-medium wp-image-71913\" src=\"https:\/\/encuentroinformativo.com.mx\/wp-content\/uploads\/2025\/10\/IMG-20251013-WA0117-300x278.jpg\" alt=\"\" width=\"300\" height=\"278\" srcset=\"https:\/\/encuentroinformativo.com.mx\/wp-content\/uploads\/2025\/10\/IMG-20251013-WA0117-300x278.jpg 300w, https:\/\/encuentroinformativo.com.mx\/wp-content\/uploads\/2025\/10\/IMG-20251013-WA0117-1024x950.jpg 1024w, https:\/\/encuentroinformativo.com.mx\/wp-content\/uploads\/2025\/10\/IMG-20251013-WA0117-768x712.jpg 768w, https:\/\/encuentroinformativo.com.mx\/wp-content\/uploads\/2025\/10\/IMG-20251013-WA0117.jpg 1280w\" sizes=\"auto, (max-width: 300px) 100vw, 300px\" \/><\/p>\n","protected":false},"excerpt":{"rendered":"<p>Columna de Opini\u00f3n\u00a0 MAP. Ricardo Meza Dom\u00ednguez Ciudad de M\u00e9xico.- El desempleo en M\u00e9xico seg\u00fan la percepci\u00f3n ha disminuido as\u00ed se refleja en las encuestas, pues la tasa de desempleo se ubico en 2.9% en agosto del 2025, en el mismo mes, pero del 2024 reflejo 0.1% punto porcentual menos sobre el mismo mes, pero [&hellip;]<\/p>\n","protected":false},"author":2476,"featured_media":387,"comment_status":"open","ping_status":"open","sticky":false,"template":"","format":"standard","meta":{"_jetpack_memberships_contains_paid_content":false,"footnotes":""},"categories":[11],"tags":[],"class_list":["post-71912","post","type-post","status-publish","format-standard","has-post-thumbnail","hentry","category-opinion"],"jetpack_featured_media_url":"https:\/\/encuentroinformativo.com.mx\/wp-content\/uploads\/2020\/03\/7CF8A22B-2764-47BE-8F7F-38FE9E5D6A2F.jpeg","jetpack_sharing_enabled":true,"jetpack_likes_enabled":true,"amp_enabled":true,"_links":{"self":[{"href":"https:\/\/encuentroinformativo.com.mx\/index.php?rest_route=\/wp\/v2\/posts\/71912","targetHints":{"allow":["GET"]}}],"collection":[{"href":"https:\/\/encuentroinformativo.com.mx\/index.php?rest_route=\/wp\/v2\/posts"}],"about":[{"href":"https:\/\/encuentroinformativo.com.mx\/index.php?rest_route=\/wp\/v2\/types\/post"}],"author":[{"embeddable":true,"href":"https:\/\/encuentroinformativo.com.mx\/index.php?rest_route=\/wp\/v2\/users\/2476"}],"replies":[{"embeddable":true,"href":"https:\/\/encuentroinformativo.com.mx\/index.php?rest_route=%2Fwp%2Fv2%2Fcomments&post=71912"}],"version-history":[{"count":1,"href":"https:\/\/encuentroinformativo.com.mx\/index.php?rest_route=\/wp\/v2\/posts\/71912\/revisions"}],"predecessor-version":[{"id":71914,"href":"https:\/\/encuentroinformativo.com.mx\/index.php?rest_route=\/wp\/v2\/posts\/71912\/revisions\/71914"}],"wp:featuredmedia":[{"embeddable":true,"href":"https:\/\/encuentroinformativo.com.mx\/index.php?rest_route=\/wp\/v2\/media\/387"}],"wp:attachment":[{"href":"https:\/\/encuentroinformativo.com.mx\/index.php?rest_route=%2Fwp%2Fv2%2Fmedia&parent=71912"}],"wp:term":[{"taxonomy":"category","embeddable":true,"href":"https:\/\/encuentroinformativo.com.mx\/index.php?rest_route=%2Fwp%2Fv2%2Fcategories&post=71912"},{"taxonomy":"post_tag","embeddable":true,"href":"https:\/\/encuentroinformativo.com.mx\/index.php?rest_route=%2Fwp%2Fv2%2Ftags&post=71912"}],"curies":[{"name":"wp","href":"https:\/\/api.w.org\/{rel}","templated":true}]}}