{"id":71915,"date":"2025-10-13T11:17:50","date_gmt":"2025-10-13T17:17:50","guid":{"rendered":"https:\/\/encuentroinformativo.com.mx\/?p=71915"},"modified":"2025-10-13T11:17:50","modified_gmt":"2025-10-13T17:17:50","slug":"xalapa-con-alto-indice-de-migrantes-retornados-bertoldo-reyes","status":"publish","type":"post","link":"https:\/\/encuentroinformativo.com.mx\/?p=71915","title":{"rendered":"Xalapa con alto \u00edndice de migrantes retornados: Bertoldo Reyes"},"content":{"rendered":"<p><strong>Dar\u00edo Pale<\/strong><\/p>\n<p>Xalapa, Ver.- El director general de Atenci\u00f3n a Migrantes del Gobierno de Veracruz, Bertoldo Reyes Campuzano, inform\u00f3 que la dependencia estatal trabaja en un programa especial dirigido a menores de edad nacidos en Estados Unidos, hijos de veracruzanos, con el objetivo de regularizar su doble nacionalidad.<\/p>\n<p>El funcionario explic\u00f3 que el programa se desarrolla con discreci\u00f3n debido a la sensibilidad del tema, ya que \u201cno conviene hacer ruido\u201d mientras se realizan los tr\u00e1mites. \u201cQueremos legalizar su doble nacionalidad para que se les respete como ciudadanos de ambos pa\u00edses\u201d, se\u00f1al\u00f3.<\/p>\n<p>Hasta el momento, 53 menores se han acercado para realizar los tr\u00e1mites correspondientes, que implican la integraci\u00f3n de documentos y la gesti\u00f3n ante la embajada de Estados Unidos en M\u00e9xico. Entre los requisitos solicitados se encuentran el acta de nacimiento, identificaci\u00f3n de ambos padres y comprobante de residencia en Veracruz, lo cual facilita el proceso administrativo.<\/p>\n<p>En otro tema, Reyes Campuzano inform\u00f3 que en lo que va del a\u00f1o se han repatriado alrededor de 3 mil 800 veracruzanos, originarios de diversos municipios del estado, principalmente de la zona de las Altas Monta\u00f1as, aunque destac\u00f3 que tambi\u00e9n Xalapa registra un n\u00famero considerable de migrantes retornados.<\/p>\n<p>\u201cYo en lo personal no cre\u00eda que Xalapa tuviera tantos migrantes, pero los datos nos muestran una realidad distinta\u201d, coment\u00f3 el funcionario.<\/p>\n<p>Respecto a los migrantes extranjeros que transitan por el territorio veracruzano, el director explic\u00f3 que la dependencia estatal \u00fanicamente auxilia a las autoridades federales y mantiene coordinaci\u00f3n con los consulados de los pa\u00edses centroamericanos. Dijo que hasta el momento no se tienen reportes de extranjeros varados por las recientes afectaciones meteorol\u00f3gicas.<\/p>\n<p>Asimismo, Reyes Campuzano indic\u00f3 que la reintegraci\u00f3n de los veracruzanos repatriados es uno de los principales retos. Los retornados son canalizados hacia distintas dependencias del Gobierno del Estado que cuentan con programas de empleo, bienestar o capacitaci\u00f3n, ya que la Direcci\u00f3n de Atenci\u00f3n a Migrantes act\u00faa principalmente como enlace y coordinadora operativa.<\/p>\n<p>Agreg\u00f3 que la dependencia tambi\u00e9n trabaja en la capacitaci\u00f3n de personal para brindar acompa\u00f1amiento psicol\u00f3gico a quienes regresan al pa\u00eds, pues el cambio de vida puede generar problemas emocionales y de adaptaci\u00f3n. \u201cEs un tema complejo, bastante delicado. Queremos evitar casos de depresi\u00f3n o incluso suicidios entre los connacionales que retornan\u201d, apunt\u00f3.<\/p>\n<p>Explic\u00f3 que este programa de atenci\u00f3n emocional se encuentra temporalmente en pausa, debido al cambio de administraciones municipales, pero ser\u00e1 retomado en coordinaci\u00f3n con los DIF municipales y las nuevas autoridades locales una vez que entren en funciones.<\/p>\n<p>Finalmente, Reyes Campuzano mencion\u00f3 que los estados de Estados Unidos donde radica el mayor n\u00famero de veracruzanos son California, Nueva Orleans, Washington, Nueva York y Texas, aunque precis\u00f3 que a\u00fan se trabaja en un registro m\u00e1s detallado para contar con cifras exactas.<\/p>\n","protected":false},"excerpt":{"rendered":"<p>Dar\u00edo Pale Xalapa, Ver.- El director general de Atenci\u00f3n a Migrantes del Gobierno de Veracruz, Bertoldo Reyes Campuzano, inform\u00f3 que la dependencia estatal trabaja en un programa especial dirigido a menores de edad nacidos en Estados Unidos, hijos de veracruzanos, con el objetivo de regularizar su doble nacionalidad. El funcionario explic\u00f3 que el programa se [&hellip;]<\/p>\n","protected":false},"author":2476,"featured_media":71916,"comment_status":"open","ping_status":"open","sticky":false,"template":"","format":"standard","meta":{"_jetpack_memberships_contains_paid_content":false,"footnotes":""},"categories":[2,13],"tags":[],"class_list":["post-71915","post","type-post","status-publish","format-standard","has-post-thumbnail","hentry","category-estado","category-internacional"],"jetpack_featured_media_url":"https:\/\/encuentroinformativo.com.mx\/wp-content\/uploads\/2025\/10\/IMG-20251013-WA01732.jpg","jetpack_sharing_enabled":true,"jetpack_likes_enabled":true,"amp_enabled":true,"_links":{"self":[{"href":"https:\/\/encuentroinformativo.com.mx\/index.php?rest_route=\/wp\/v2\/posts\/71915","targetHints":{"allow":["GET"]}}],"collection":[{"href":"https:\/\/encuentroinformativo.com.mx\/index.php?rest_route=\/wp\/v2\/posts"}],"about":[{"href":"https:\/\/encuentroinformativo.com.mx\/index.php?rest_route=\/wp\/v2\/types\/post"}],"author":[{"embeddable":true,"href":"https:\/\/encuentroinformativo.com.mx\/index.php?rest_route=\/wp\/v2\/users\/2476"}],"replies":[{"embeddable":true,"href":"https:\/\/encuentroinformativo.com.mx\/index.php?rest_route=%2Fwp%2Fv2%2Fcomments&post=71915"}],"version-history":[{"count":1,"href":"https:\/\/encuentroinformativo.com.mx\/index.php?rest_route=\/wp\/v2\/posts\/71915\/revisions"}],"predecessor-version":[{"id":71917,"href":"https:\/\/encuentroinformativo.com.mx\/index.php?rest_route=\/wp\/v2\/posts\/71915\/revisions\/71917"}],"wp:featuredmedia":[{"embeddable":true,"href":"https:\/\/encuentroinformativo.com.mx\/index.php?rest_route=\/wp\/v2\/media\/71916"}],"wp:attachment":[{"href":"https:\/\/encuentroinformativo.com.mx\/index.php?rest_route=%2Fwp%2Fv2%2Fmedia&parent=71915"}],"wp:term":[{"taxonomy":"category","embeddable":true,"href":"https:\/\/encuentroinformativo.com.mx\/index.php?rest_route=%2Fwp%2Fv2%2Fcategories&post=71915"},{"taxonomy":"post_tag","embeddable":true,"href":"https:\/\/encuentroinformativo.com.mx\/index.php?rest_route=%2Fwp%2Fv2%2Ftags&post=71915"}],"curies":[{"name":"wp","href":"https:\/\/api.w.org\/{rel}","templated":true}]}}