{"id":71918,"date":"2025-10-13T12:55:50","date_gmt":"2025-10-13T18:55:50","guid":{"rendered":"https:\/\/encuentroinformativo.com.mx\/?p=71918"},"modified":"2025-10-13T12:55:50","modified_gmt":"2025-10-13T18:55:50","slug":"cuestiona-pri-atencion-a-zonas-afectadas-por-lluvias","status":"publish","type":"post","link":"https:\/\/encuentroinformativo.com.mx\/?p=71918","title":{"rendered":"Cuestiona PRI atenci\u00f3n a zonas afectadas por lluvias"},"content":{"rendered":"<p><strong>Dar\u00edo Pale<\/strong><\/p>\n<p>Xalapa, Ver.- El presidente del Comit\u00e9 Directivo Estatal del PRI en Veracruz, Adolfo Ram\u00edrez Arana, critic\u00f3 duramente la actuaci\u00f3n de los gobiernos federal y estatal ante las severas afectaciones que han dejado las recientes lluvias e inundaciones en el norte del estado, se\u00f1alando falta de prevenci\u00f3n, ocultamiento de cifras reales y negligencia en la atenci\u00f3n a damnificados.<\/p>\n<p>Durante una conferencia de prensa, el dirigente priista expres\u00f3 su solidaridad con las familias afectadas, al tiempo que lament\u00f3 las p\u00e9rdidas humanas y materiales derivadas de lo que calific\u00f3 como una \u201cfalla de gobierno\u201d.<\/p>\n<p>\u201cHoy tenemos m\u00e1s de 300 mil damnificados, gente que lo perdi\u00f3 todo, y lo m\u00e1s lamentable, p\u00e9rdidas de vida que no debieron ocurrir. No tenemos el dato exacto, pero hay cientos de desaparecidos que se est\u00e1n ocultando\u201d, afirm\u00f3.<\/p>\n<p>Ram\u00edrez Arana responsabiliz\u00f3 a los gobiernos de Morena por la falta de previsi\u00f3n y coordinaci\u00f3n durante la emergencia. Critic\u00f3 que las clases no se suspendieran a tiempo en municipios como Poza Rica, y se\u00f1al\u00f3 que Protecci\u00f3n Civil ha sido deficiente e indolente.<\/p>\n<p>Asimismo, reproch\u00f3 la actitud de la presidenta de la Rep\u00fablica durante su visita a Veracruz, a quien acus\u00f3 de \u201ccallar a las personas que reclamaban ayuda\u201d, calificando su visita como \u201cuna muestra de indolencia y desconexi\u00f3n con la realidad de los veracruzanos\u201d.<\/p>\n<p>El l\u00edder estatal del PRI tambi\u00e9n record\u00f3 que en el 2021 Morena aprob\u00f3 la desaparici\u00f3n del Fondo de Desastres Naturales (Fonden), lo que -dijo- ha dejado a los municipios sin recursos ni respaldo para enfrentar las cat\u00e1strofes naturales.<\/p>\n<p>\u201cHoy Veracruz podr\u00eda contar con 15 o 20 mil millones de pesos del Fonden. Los municipios est\u00e1n solos, sin apoyo. Los gobiernos de Morena no resuelven nada, y su presencia no sustituye la prevenci\u00f3n\u201d, subray\u00f3.<\/p>\n<p>Ante la falta de respuesta institucional, Ram\u00edrez Arana destac\u00f3 la solidaridad de la ciudadan\u00eda y de los comit\u00e9s municipales del PRI, que desde el primer momento habilitaron centros de acopio en diversas regiones del estado para reunir v\u00edveres, medicinas y art\u00edculos de primera necesidad. Inform\u00f3 que los apoyos ser\u00e1n entregados en los pr\u00f3ximos d\u00edas en las zonas m\u00e1s afectadas.<\/p>\n<p>\u201cLos ciudadanos est\u00e1n haciendo lo que el gobierno no ha hecho. Nosotros nos estamos sumando al esfuerzo solidario, porque Veracruz necesita ayuda inmediata, no discursos\u201d, se\u00f1al\u00f3.<\/p>\n<p>Durante su intervenci\u00f3n, tambi\u00e9n denunci\u00f3 irregularidades en la entrega de ayuda humanitaria, afirmando que militantes de Morena estar\u00edan apropi\u00e1ndose de apoyos ciudadanos para entregarlos bajo su nombre partidista.<\/p>\n<p>\u201cVi quejas de que la sociedad civil no pod\u00eda ingresar con ayuda, y tambi\u00e9n videos donde militantes de Morena repart\u00edan los v\u00edveres que otros donaron. Eso es un desastre, no debe pasar en ning\u00fan gobierno\u201d, advirti\u00f3.<\/p>\n<p>Ram\u00edrez Arana a\u00f1adi\u00f3 que la falta de respuesta oportuna ha generado enojo social, al grado de que en algunos municipios los ciudadanos han increpado o agredido a autoridades locales por no atender la emergencia.<\/p>\n<p>El dirigente priista compar\u00f3 la situaci\u00f3n actual con la gesti\u00f3n de pasados gobiernos, recordando que durante el hurac\u00e1n Karl, en 2010, el entonces gobernador Fidel Herrera orden\u00f3 evacuaciones nocturnas y supervis\u00f3 personalmente las acciones de protecci\u00f3n civil.<\/p>\n<p>\u201cEl PRI sabe que gobernar no es un asunto de juego. Gobernar es prevenir, estar atentos, y no tomarse fotos con tenis blancos en la zona de desastre\u201d, dijo, en alusi\u00f3n a la titular estatal de Protecci\u00f3n Civil.<\/p>\n<p>Sobre los reportes de j\u00f3venes y estudiantes desaparecidos tras las inundaciones, Ram\u00edrez Arana expres\u00f3 preocupaci\u00f3n y pidi\u00f3 transparencia en las cifras oficiales. \u201cEsperamos equivocarnos y que no sean tantos, pero ser\u00eda reprobable que el gobierno oculte la verdad. Hay madres buscando a sus hijos y eso no se ve en los reportes oficiales\u201d, sostuvo.<\/p>\n<p>Finalmente, insisti\u00f3 en que lo ocurrido evidencia la urgencia de cambiar el enfoque de Protecci\u00f3n Civil hacia la \u201cprevenci\u00f3n de riesgos\u201d, como se hace en otros pa\u00edses.<\/p>\n<p>\u201cAqu\u00ed ni previnieron ni protegieron a la sociedad. Se sab\u00eda que iba a llover y no se actu\u00f3 a tiempo. Eso es lo que hoy nos tiene con cientos de familias damnificadas y desaparecidos\u201d, concluy\u00f3.<\/p>\n","protected":false},"excerpt":{"rendered":"<p>Dar\u00edo Pale Xalapa, Ver.- El presidente del Comit\u00e9 Directivo Estatal del PRI en Veracruz, Adolfo Ram\u00edrez Arana, critic\u00f3 duramente la actuaci\u00f3n de los gobiernos federal y estatal ante las severas afectaciones que han dejado las recientes lluvias e inundaciones en el norte del estado, se\u00f1alando falta de prevenci\u00f3n, ocultamiento de cifras reales y negligencia en [&hellip;]<\/p>\n","protected":false},"author":2476,"featured_media":71919,"comment_status":"open","ping_status":"open","sticky":false,"template":"","format":"standard","meta":{"_jetpack_memberships_contains_paid_content":false,"footnotes":""},"categories":[2],"tags":[],"class_list":["post-71918","post","type-post","status-publish","format-standard","has-post-thumbnail","hentry","category-estado"],"jetpack_featured_media_url":"https:\/\/encuentroinformativo.com.mx\/wp-content\/uploads\/2025\/10\/IMG-20251013-WA0209.jpg","jetpack_sharing_enabled":true,"jetpack_likes_enabled":true,"amp_enabled":true,"_links":{"self":[{"href":"https:\/\/encuentroinformativo.com.mx\/index.php?rest_route=\/wp\/v2\/posts\/71918","targetHints":{"allow":["GET"]}}],"collection":[{"href":"https:\/\/encuentroinformativo.com.mx\/index.php?rest_route=\/wp\/v2\/posts"}],"about":[{"href":"https:\/\/encuentroinformativo.com.mx\/index.php?rest_route=\/wp\/v2\/types\/post"}],"author":[{"embeddable":true,"href":"https:\/\/encuentroinformativo.com.mx\/index.php?rest_route=\/wp\/v2\/users\/2476"}],"replies":[{"embeddable":true,"href":"https:\/\/encuentroinformativo.com.mx\/index.php?rest_route=%2Fwp%2Fv2%2Fcomments&post=71918"}],"version-history":[{"count":1,"href":"https:\/\/encuentroinformativo.com.mx\/index.php?rest_route=\/wp\/v2\/posts\/71918\/revisions"}],"predecessor-version":[{"id":71920,"href":"https:\/\/encuentroinformativo.com.mx\/index.php?rest_route=\/wp\/v2\/posts\/71918\/revisions\/71920"}],"wp:featuredmedia":[{"embeddable":true,"href":"https:\/\/encuentroinformativo.com.mx\/index.php?rest_route=\/wp\/v2\/media\/71919"}],"wp:attachment":[{"href":"https:\/\/encuentroinformativo.com.mx\/index.php?rest_route=%2Fwp%2Fv2%2Fmedia&parent=71918"}],"wp:term":[{"taxonomy":"category","embeddable":true,"href":"https:\/\/encuentroinformativo.com.mx\/index.php?rest_route=%2Fwp%2Fv2%2Fcategories&post=71918"},{"taxonomy":"post_tag","embeddable":true,"href":"https:\/\/encuentroinformativo.com.mx\/index.php?rest_route=%2Fwp%2Fv2%2Ftags&post=71918"}],"curies":[{"name":"wp","href":"https:\/\/api.w.org\/{rel}","templated":true}]}}