{"id":7192,"date":"2020-10-22T12:47:52","date_gmt":"2020-10-22T17:47:52","guid":{"rendered":"https:\/\/encuentroinformativo.com.mx\/?p=7192"},"modified":"2020-10-22T12:47:55","modified_gmt":"2020-10-22T17:47:55","slug":"piden-ayuda-para-repatriar-a-veracruzano-fallecido-en-canada","status":"publish","type":"post","link":"https:\/\/encuentroinformativo.com.mx\/?p=7192","title":{"rendered":"Piden ayuda para repatriar a veracruzano fallecido en Canad\u00e1"},"content":{"rendered":"\n<p><strong>Alejandro \u00c1vila<\/strong><\/p>\n\n\n\n<p>Veracruz, Ver.- El pasado 20 de octubre en joven veracruzano Jos\u00e9 Alfredo Garrido Villa sufri\u00f3 un infarto en Canad\u00e1, por tal motivo y ante la escasez de recursos, sus familiares solicitaron el apoyo de la sociedad civil o autoridades estatales para poder traer sus restos a casa.<\/p>\n\n\n\n<p>El muchacho de tan solo 26 a\u00f1os de edad, nacido en la localidad de Vaquer\u00eda en el municipio de Coatepec, hab\u00eda viajado al pa\u00eds del norte para incrementar su rango escolar y evidentemente poder dar una mejor calidad de vida a su familia, hoy, deja a dos menores de edad en la orfandad.<\/p>\n\n\n\n<p>A trav\u00e9s de redes sociales, su padre Wilfredo Garrido Casas, quien es campesino, dijo que su v\u00e1stago hab\u00eda obtenido una beca en Canad\u00e1 hace dos a\u00f1os y recientemente hab\u00eda obtenido empleo en aquel pa\u00eds, donde se vislumbraba un futuro prometedor para el veracruzano.<\/p>\n\n\n\n<p>En cuesti\u00f3n de costos de traslado, estos oscilan en los 90 mil pesos, monto con el que evidentemente no cuentan al momento. Por parte de las autoridades estatales, estas les manifestaron que \u00fanicamente les apoyar\u00e1n con la solicitud formal al consulado de Canad\u00e1 para que se d\u00e9 la repatriaci\u00f3n.<\/p>\n\n\n\n<p>Si bien al momento de notificarles de lo sucedido -el pasado 20 de octubre- se iniciaron los tr\u00e1mites de repatriaci\u00f3n, a\u00fan desconocen la fecha exacta cuando se pueda llevar a cabo el viaje para poder organizar los tr\u00e1mites para sepultarlo en la localidad donde naci\u00f3.<br>Si alguien desea apoyar con alg\u00fan monto econ\u00f3mico, el recurso podr\u00e1 ser abonado a la cuenta 4169 1604 4115 8947 de Bancoppel, a nombre de Wilfredo Garrido Casas.<\/p>\n","protected":false},"excerpt":{"rendered":"<p>Alejandro \u00c1vila Veracruz, Ver.- El pasado 20 de octubre en joven veracruzano Jos\u00e9 Alfredo Garrido Villa sufri\u00f3 un infarto en Canad\u00e1, por tal motivo y ante la escasez de recursos, sus familiares solicitaron el apoyo de la sociedad civil o autoridades estatales para poder traer sus restos a casa. El muchacho de tan solo 26 [&hellip;]<\/p>\n","protected":false},"author":1,"featured_media":7194,"comment_status":"open","ping_status":"open","sticky":false,"template":"","format":"standard","meta":{"_jetpack_memberships_contains_paid_content":false,"footnotes":""},"categories":[2],"tags":[],"class_list":["post-7192","post","type-post","status-publish","format-standard","has-post-thumbnail","hentry","category-estado"],"jetpack_featured_media_url":"https:\/\/encuentroinformativo.com.mx\/wp-content\/uploads\/2020\/10\/C35B924D-BFB5-44E1-BF7D-B31CCFEA502F.jpeg","jetpack_sharing_enabled":true,"jetpack_likes_enabled":true,"amp_enabled":true,"_links":{"self":[{"href":"https:\/\/encuentroinformativo.com.mx\/index.php?rest_route=\/wp\/v2\/posts\/7192","targetHints":{"allow":["GET"]}}],"collection":[{"href":"https:\/\/encuentroinformativo.com.mx\/index.php?rest_route=\/wp\/v2\/posts"}],"about":[{"href":"https:\/\/encuentroinformativo.com.mx\/index.php?rest_route=\/wp\/v2\/types\/post"}],"author":[{"embeddable":true,"href":"https:\/\/encuentroinformativo.com.mx\/index.php?rest_route=\/wp\/v2\/users\/1"}],"replies":[{"embeddable":true,"href":"https:\/\/encuentroinformativo.com.mx\/index.php?rest_route=%2Fwp%2Fv2%2Fcomments&post=7192"}],"version-history":[{"count":1,"href":"https:\/\/encuentroinformativo.com.mx\/index.php?rest_route=\/wp\/v2\/posts\/7192\/revisions"}],"predecessor-version":[{"id":7195,"href":"https:\/\/encuentroinformativo.com.mx\/index.php?rest_route=\/wp\/v2\/posts\/7192\/revisions\/7195"}],"wp:featuredmedia":[{"embeddable":true,"href":"https:\/\/encuentroinformativo.com.mx\/index.php?rest_route=\/wp\/v2\/media\/7194"}],"wp:attachment":[{"href":"https:\/\/encuentroinformativo.com.mx\/index.php?rest_route=%2Fwp%2Fv2%2Fmedia&parent=7192"}],"wp:term":[{"taxonomy":"category","embeddable":true,"href":"https:\/\/encuentroinformativo.com.mx\/index.php?rest_route=%2Fwp%2Fv2%2Fcategories&post=7192"},{"taxonomy":"post_tag","embeddable":true,"href":"https:\/\/encuentroinformativo.com.mx\/index.php?rest_route=%2Fwp%2Fv2%2Ftags&post=7192"}],"curies":[{"name":"wp","href":"https:\/\/api.w.org\/{rel}","templated":true}]}}