{"id":71921,"date":"2025-10-13T13:48:02","date_gmt":"2025-10-13T19:48:02","guid":{"rendered":"https:\/\/encuentroinformativo.com.mx\/?p=71921"},"modified":"2025-10-13T13:48:02","modified_gmt":"2025-10-13T19:48:02","slug":"gestiona-mc-instalacion-de-centro-de-acopio-para-damnificados-en-san-lazaro","status":"publish","type":"post","link":"https:\/\/encuentroinformativo.com.mx\/?p=71921","title":{"rendered":"Gestiona MC instalaci\u00f3n de centro de acopio para damnificados en San L\u00e1zaro\u00a0"},"content":{"rendered":"<p><strong>Alejandro \u00c1vila<\/strong><\/p>\n<p>Veracruz, Ver.- El diputado federal de Movimiento Ciudadano, Sergio Gil Rull\u00e1n dio a conocer en sus redes sociales que la bancada de su partido logr\u00f3 que la Junta de Coordinaci\u00f3n Pol\u00edtica (JUCOPO) en San L\u00e1zaro aprobar\u00e1 que el recinto Federal se habilitar\u00e1 como Centro de Acopio para brindar apoyo a los damnificados por la tormenta tropical &#8220;Raymond&#8221; en Veracruz.<\/p>\n<p>El veracruzano inform\u00f3 que todos los interesados en la Ciudad de M\u00e9xico en apoyar a los damnificados de Veracruz podr\u00e1n entregar sus v\u00edveres, medicamentos y ropa en la puerta 7 del Palacio Legislativo, desde el d\u00eda 13 al 17 de octubre, en horario de 10 de la ma\u00f1ana a 6:30 de la tarde.<\/p>\n<p>La ma\u00f1ana de este lunes 13 de octubre la gobernadora de Veracruz, Roc\u00edo Nahle Garc\u00eda confirm\u00f3 que, son aproximadamente 300 mil veracruzanos afectados en 40 municipios de la entidad, seis de estos municipios a\u00fan permanecen incomunicados.<\/p>\n<p>Por su parte, la presidenta de M\u00e9xico, Claudia Sheinbaum Pardo, solicit\u00f3 el apoyo de la Universidad Veracruzana para realizar un censo de estudiantes desaparecidos en la zona norte de la entidad.<\/p>\n","protected":false},"excerpt":{"rendered":"<p>Alejandro \u00c1vila Veracruz, Ver.- El diputado federal de Movimiento Ciudadano, Sergio Gil Rull\u00e1n dio a conocer en sus redes sociales que la bancada de su partido logr\u00f3 que la Junta de Coordinaci\u00f3n Pol\u00edtica (JUCOPO) en San L\u00e1zaro aprobar\u00e1 que el recinto Federal se habilitar\u00e1 como Centro de Acopio para brindar apoyo a los damnificados por [&hellip;]<\/p>\n","protected":false},"author":2476,"featured_media":71922,"comment_status":"open","ping_status":"open","sticky":false,"template":"","format":"standard","meta":{"_jetpack_memberships_contains_paid_content":false,"footnotes":""},"categories":[12],"tags":[],"class_list":["post-71921","post","type-post","status-publish","format-standard","has-post-thumbnail","hentry","category-nacional"],"jetpack_featured_media_url":"https:\/\/encuentroinformativo.com.mx\/wp-content\/uploads\/2025\/10\/IMG-20251013-WA0250.jpg","jetpack_sharing_enabled":true,"jetpack_likes_enabled":true,"amp_enabled":true,"_links":{"self":[{"href":"https:\/\/encuentroinformativo.com.mx\/index.php?rest_route=\/wp\/v2\/posts\/71921","targetHints":{"allow":["GET"]}}],"collection":[{"href":"https:\/\/encuentroinformativo.com.mx\/index.php?rest_route=\/wp\/v2\/posts"}],"about":[{"href":"https:\/\/encuentroinformativo.com.mx\/index.php?rest_route=\/wp\/v2\/types\/post"}],"author":[{"embeddable":true,"href":"https:\/\/encuentroinformativo.com.mx\/index.php?rest_route=\/wp\/v2\/users\/2476"}],"replies":[{"embeddable":true,"href":"https:\/\/encuentroinformativo.com.mx\/index.php?rest_route=%2Fwp%2Fv2%2Fcomments&post=71921"}],"version-history":[{"count":1,"href":"https:\/\/encuentroinformativo.com.mx\/index.php?rest_route=\/wp\/v2\/posts\/71921\/revisions"}],"predecessor-version":[{"id":71923,"href":"https:\/\/encuentroinformativo.com.mx\/index.php?rest_route=\/wp\/v2\/posts\/71921\/revisions\/71923"}],"wp:featuredmedia":[{"embeddable":true,"href":"https:\/\/encuentroinformativo.com.mx\/index.php?rest_route=\/wp\/v2\/media\/71922"}],"wp:attachment":[{"href":"https:\/\/encuentroinformativo.com.mx\/index.php?rest_route=%2Fwp%2Fv2%2Fmedia&parent=71921"}],"wp:term":[{"taxonomy":"category","embeddable":true,"href":"https:\/\/encuentroinformativo.com.mx\/index.php?rest_route=%2Fwp%2Fv2%2Fcategories&post=71921"},{"taxonomy":"post_tag","embeddable":true,"href":"https:\/\/encuentroinformativo.com.mx\/index.php?rest_route=%2Fwp%2Fv2%2Ftags&post=71921"}],"curies":[{"name":"wp","href":"https:\/\/api.w.org\/{rel}","templated":true}]}}