{"id":71927,"date":"2025-10-13T14:06:20","date_gmt":"2025-10-13T20:06:20","guid":{"rendered":"https:\/\/encuentroinformativo.com.mx\/?p=71927"},"modified":"2025-10-13T14:06:20","modified_gmt":"2025-10-13T20:06:20","slug":"continua-colecta-de-viveres-en-la-plaza-lerdo","status":"publish","type":"post","link":"https:\/\/encuentroinformativo.com.mx\/?p=71927","title":{"rendered":"Contin\u00faa colecta de v\u00edveres en la Plaza Lerdo"},"content":{"rendered":"<p><strong>* Integrantes de la asociaci\u00f3n &#8220;Chucho el Roto&#8221; mantienen abierta la convocatoria.<\/strong><\/p>\n<p><strong>Dar\u00edo Pale<\/strong><\/p>\n<p>Xalapa, Ver.- En un llamado a la solidaridad y la empat\u00eda, Jorge Morales Barradas, representante de la Asociaci\u00f3n Civil La Leyenda de Chucho Roto, convoc\u00f3 a la poblaci\u00f3n veracruzana a sumarse a la colecta de v\u00edveres en apoyo a las familias afectadas por las recientes inundaciones en el norte del estado, particularmente en los municipios de \u00c1lamo y Poza Rica, donde los da\u00f1os han sido severos.<\/p>\n<p>Morales Barradas agradeci\u00f3 a los integrantes, afiliados y voluntarios que desde temprana hora participan en la recolecci\u00f3n y organizaci\u00f3n de ayuda humanitaria, destacando que \u201cel poder del pueblo debe hacerse sentir en la ayuda, en la empat\u00eda y en la solidaridad\u201d.<\/p>\n<p>El activista subray\u00f3 que la situaci\u00f3n en la zona norte es cr\u00edtica: muchas familias permanecen sin alimento, sin techo y en condiciones insalubres debido a la acumulaci\u00f3n de lodo y escombros. Por ello, hizo un exhorto urgente a los ciudadanos a donar art\u00edculos de limpieza, agua embotellada, alimentos no perecederos, cobertores y ropa en buen estado.<\/p>\n<p>\u201cLa gente de \u00c1lamo, la gente del norte necesita sentir el apoyo y el cari\u00f1o, tanto del pueblo como del gobierno. Hay muchas casas totalmente deterioradas; no hay una sola vivienda limpia en Tlalocan. Necesitamos muchas manos para limpiar, asear y reconstruir\u201d, expres\u00f3.<\/p>\n<p>Morales Barradas reconoci\u00f3 tambi\u00e9n el esfuerzo del Gobierno del Estado de Veracruz, encabezado por la gobernadora Norma Roc\u00edo Nahle Garc\u00eda, por acudir a las zonas afectadas, aunque pidi\u00f3 que la ayuda oficial se refuerce y llegue de manera directa a quienes m\u00e1s lo requieren.<\/p>\n<p>Como parte de las acciones solidarias, inform\u00f3 que continuar\u00e1 recorriendo distintas regiones para sumar apoyos:<\/p>\n<p>Este lunes visitar\u00e1 Alto Lucero, en comunidades como Xomotla, Cafetal, Madro\u00f1o y Mafafa, y el martes acudir\u00e1 a \u00darsulo Galv\u00e1n, donde se reunir\u00e1 con habitantes de Chachalacas, El Porvenir y Cempoala para fortalecer la colecta.<\/p>\n<p>Finalmente, agradeci\u00f3 a todas las personas que ya han contribuido con v\u00edveres y reiter\u00f3 que cada donaci\u00f3n \u201cllega directamente a las manos de quienes realmente lo necesitan\u201d.<\/p>\n<p>\u201cUn granito de arena hace una gran barra. Hoy el pueblo ayuda al pueblo, y juntos podemos levantar a nuestra tierra\u201d, concluy\u00f3 Morales Barradas.<\/p>\n","protected":false},"excerpt":{"rendered":"<p>* Integrantes de la asociaci\u00f3n &#8220;Chucho el Roto&#8221; mantienen abierta la convocatoria. Dar\u00edo Pale Xalapa, Ver.- En un llamado a la solidaridad y la empat\u00eda, Jorge Morales Barradas, representante de la Asociaci\u00f3n Civil La Leyenda de Chucho Roto, convoc\u00f3 a la poblaci\u00f3n veracruzana a sumarse a la colecta de v\u00edveres en apoyo a las familias [&hellip;]<\/p>\n","protected":false},"author":2476,"featured_media":71928,"comment_status":"open","ping_status":"open","sticky":false,"template":"","format":"standard","meta":{"_jetpack_memberships_contains_paid_content":false,"footnotes":""},"categories":[8],"tags":[],"class_list":["post-71927","post","type-post","status-publish","format-standard","has-post-thumbnail","hentry","category-region"],"jetpack_featured_media_url":"https:\/\/encuentroinformativo.com.mx\/wp-content\/uploads\/2025\/10\/IMG-20251013-WA0225.jpg","jetpack_sharing_enabled":true,"jetpack_likes_enabled":true,"amp_enabled":true,"_links":{"self":[{"href":"https:\/\/encuentroinformativo.com.mx\/index.php?rest_route=\/wp\/v2\/posts\/71927","targetHints":{"allow":["GET"]}}],"collection":[{"href":"https:\/\/encuentroinformativo.com.mx\/index.php?rest_route=\/wp\/v2\/posts"}],"about":[{"href":"https:\/\/encuentroinformativo.com.mx\/index.php?rest_route=\/wp\/v2\/types\/post"}],"author":[{"embeddable":true,"href":"https:\/\/encuentroinformativo.com.mx\/index.php?rest_route=\/wp\/v2\/users\/2476"}],"replies":[{"embeddable":true,"href":"https:\/\/encuentroinformativo.com.mx\/index.php?rest_route=%2Fwp%2Fv2%2Fcomments&post=71927"}],"version-history":[{"count":1,"href":"https:\/\/encuentroinformativo.com.mx\/index.php?rest_route=\/wp\/v2\/posts\/71927\/revisions"}],"predecessor-version":[{"id":71929,"href":"https:\/\/encuentroinformativo.com.mx\/index.php?rest_route=\/wp\/v2\/posts\/71927\/revisions\/71929"}],"wp:featuredmedia":[{"embeddable":true,"href":"https:\/\/encuentroinformativo.com.mx\/index.php?rest_route=\/wp\/v2\/media\/71928"}],"wp:attachment":[{"href":"https:\/\/encuentroinformativo.com.mx\/index.php?rest_route=%2Fwp%2Fv2%2Fmedia&parent=71927"}],"wp:term":[{"taxonomy":"category","embeddable":true,"href":"https:\/\/encuentroinformativo.com.mx\/index.php?rest_route=%2Fwp%2Fv2%2Fcategories&post=71927"},{"taxonomy":"post_tag","embeddable":true,"href":"https:\/\/encuentroinformativo.com.mx\/index.php?rest_route=%2Fwp%2Fv2%2Ftags&post=71927"}],"curies":[{"name":"wp","href":"https:\/\/api.w.org\/{rel}","templated":true}]}}