{"id":71934,"date":"2025-10-13T17:24:35","date_gmt":"2025-10-13T23:24:35","guid":{"rendered":"https:\/\/encuentroinformativo.com.mx\/?p=71934"},"modified":"2025-10-13T17:24:35","modified_gmt":"2025-10-13T23:24:35","slug":"enfrenta-texistepec-crisis-de-basura-tiradero-se-ubica-en-terreno-de-una-asociacion-civil","status":"publish","type":"post","link":"https:\/\/encuentroinformativo.com.mx\/?p=71934","title":{"rendered":"Enfrenta Texistepec crisis de basura; tiradero se ubica en terreno de una asociacion civil"},"content":{"rendered":"<p><strong>Jos\u00e9 Vargas<\/strong><\/p>\n<p>Texistepec, Ver.- La acumulaci\u00f3n de basura en la cabecera municipal de Texistepec ha detonado una crisis ambiental y sanitaria, generando inconformidad entre los habitantes, quienes reclaman una pronta respuesta de las autoridades municipales.<\/p>\n<p>De acuerdo con los pobladores, desde hace varias semanas la recolecci\u00f3n de desechos no se realiza de forma regular, lo que ha ocasionado que calles y espacios p\u00fablicos permanezcan llenos de residuos. La situaci\u00f3n se agrava con la presencia de un basurero improvisado ubicado en el camino viejo que conduce hacia J\u00e1ltipan.<\/p>\n<p>Este tiradero, adem\u00e1s de invadir la terracer\u00eda y obstaculizar el paso vehicular, desprende olores f\u00e9tidos y representa un foco de infecci\u00f3n para la poblaci\u00f3n cercana. Mototaxistas y automovilistas han dejado de circular por el lugar ante el riesgo que implica transitar entre la chatarra, vidrios y desechos en descomposici\u00f3n.<\/p>\n<p>Lo que m\u00e1s ha llamado la atenci\u00f3n entre los habitantes es que el terreno donde se encuentra el basurero fue gestionado en su momento por Domingo \u201cN\u201d, exintegrante de la asociaci\u00f3n civil Unidos por Texistepec, actualmente recluido y sujeto a proceso judicial.<br \/>\nAunque los delitos que se le imputan no han sido plenamente comprobados, su nombre vuelve a mencionarse debido a que dicho predio fue cedido con fines comunitarios y ahora opera como un tiradero a cielo abierto, sin control ambiental ni sanitario.<\/p>\n<p>Ante este panorama, los ciudadanos exigieron a la concejal presidenta Nancy Lea\u00f1os tomar medidas urgentes para resolver la problem\u00e1tica, establecer un sitio adecuado para la disposici\u00f3n final de residuos y evitar que el conflicto derive en mayores afectaciones a la salud p\u00fablica.<\/p>\n","protected":false},"excerpt":{"rendered":"<p>Jos\u00e9 Vargas Texistepec, Ver.- La acumulaci\u00f3n de basura en la cabecera municipal de Texistepec ha detonado una crisis ambiental y sanitaria, generando inconformidad entre los habitantes, quienes reclaman una pronta respuesta de las autoridades municipales. De acuerdo con los pobladores, desde hace varias semanas la recolecci\u00f3n de desechos no se realiza de forma regular, lo [&hellip;]<\/p>\n","protected":false},"author":2476,"featured_media":71935,"comment_status":"open","ping_status":"open","sticky":false,"template":"","format":"standard","meta":{"_jetpack_memberships_contains_paid_content":false,"footnotes":""},"categories":[2],"tags":[],"class_list":["post-71934","post","type-post","status-publish","format-standard","has-post-thumbnail","hentry","category-estado"],"jetpack_featured_media_url":"https:\/\/encuentroinformativo.com.mx\/wp-content\/uploads\/2025\/10\/IMG-20251013-WA0300.jpg","jetpack_sharing_enabled":true,"jetpack_likes_enabled":true,"amp_enabled":true,"_links":{"self":[{"href":"https:\/\/encuentroinformativo.com.mx\/index.php?rest_route=\/wp\/v2\/posts\/71934","targetHints":{"allow":["GET"]}}],"collection":[{"href":"https:\/\/encuentroinformativo.com.mx\/index.php?rest_route=\/wp\/v2\/posts"}],"about":[{"href":"https:\/\/encuentroinformativo.com.mx\/index.php?rest_route=\/wp\/v2\/types\/post"}],"author":[{"embeddable":true,"href":"https:\/\/encuentroinformativo.com.mx\/index.php?rest_route=\/wp\/v2\/users\/2476"}],"replies":[{"embeddable":true,"href":"https:\/\/encuentroinformativo.com.mx\/index.php?rest_route=%2Fwp%2Fv2%2Fcomments&post=71934"}],"version-history":[{"count":1,"href":"https:\/\/encuentroinformativo.com.mx\/index.php?rest_route=\/wp\/v2\/posts\/71934\/revisions"}],"predecessor-version":[{"id":71936,"href":"https:\/\/encuentroinformativo.com.mx\/index.php?rest_route=\/wp\/v2\/posts\/71934\/revisions\/71936"}],"wp:featuredmedia":[{"embeddable":true,"href":"https:\/\/encuentroinformativo.com.mx\/index.php?rest_route=\/wp\/v2\/media\/71935"}],"wp:attachment":[{"href":"https:\/\/encuentroinformativo.com.mx\/index.php?rest_route=%2Fwp%2Fv2%2Fmedia&parent=71934"}],"wp:term":[{"taxonomy":"category","embeddable":true,"href":"https:\/\/encuentroinformativo.com.mx\/index.php?rest_route=%2Fwp%2Fv2%2Fcategories&post=71934"},{"taxonomy":"post_tag","embeddable":true,"href":"https:\/\/encuentroinformativo.com.mx\/index.php?rest_route=%2Fwp%2Fv2%2Ftags&post=71934"}],"curies":[{"name":"wp","href":"https:\/\/api.w.org\/{rel}","templated":true}]}}