{"id":71953,"date":"2025-10-14T13:18:37","date_gmt":"2025-10-14T19:18:37","guid":{"rendered":"https:\/\/encuentroinformativo.com.mx\/?p=71953"},"modified":"2025-10-14T13:18:37","modified_gmt":"2025-10-14T19:18:37","slug":"canacintra-realiza-censo-para-conocer-afectaciones-de-socios-en-poza-rica-y-tuxpan","status":"publish","type":"post","link":"https:\/\/encuentroinformativo.com.mx\/?p=71953","title":{"rendered":"CANACINTRA realiza censo para conocer afectaciones de socios en Poza Rica y Tuxpan"},"content":{"rendered":"<p><strong>Dar\u00edo Pale<\/strong><\/p>\n<p>Xalapa, Ver.- Juan Manuel Garc\u00eda Gonz\u00e1lez, vicepresidente nacional zona Golfo Centro de la C\u00e1mara Nacional de la Industria de la Transformaci\u00f3n (Canacintra), inform\u00f3 que el organismo empresarial se encuentra realizando un censo entre sus socios de Poza Rica y Tuxpan, donde las afectaciones por las recientes inundaciones son de gran magnitud.<\/p>\n<p>\u201cLlevamos apenas el 40 por ciento del censo, pero lo que ya hemos registrado representa p\u00e9rdidas totales. Talleres, metalmec\u00e1nicas, cristaler\u00edas y hasta el rastro municipal quedaron completamente destruidos\u201d, lament\u00f3 el dirigente, al se\u00f1alar que los da\u00f1os no s\u00f3lo son econ\u00f3micos, sino tambi\u00e9n sanitarios, debido a la contaminaci\u00f3n que generaron algunos establecimientos arrasados.<\/p>\n<p>Garc\u00eda Gonz\u00e1lez estim\u00f3 que la recuperaci\u00f3n econ\u00f3mica de la regi\u00f3n podr\u00eda tardar entre dos y tres a\u00f1os, dependiendo de los apoyos y las estrategias de reconstrucci\u00f3n que se apliquen.<\/p>\n<p>\u201cDe por s\u00ed la econom\u00eda ya estaba en condiciones fr\u00e1giles, y con esta cat\u00e1strofe ser\u00e1 muy dif\u00edcil levantarse. El problema de fondo es la falta de cultura del seguro: no m\u00e1s del 30% de los negocios estaban asegurados\u201d, advirti\u00f3.<\/p>\n<p>El empresario adelant\u00f3 que este viernes Canacintra ofrecer\u00e1 una conferencia en la que presentar\u00e1n un plan de acci\u00f3n para gestionar apoyos con distintas dependencias gubernamentales.<\/p>\n<p>\u201cTenemos que hablar con todos y coordinar esfuerzos. Los empresarios necesitamos respuestas de la autoridad, porque tambi\u00e9n contribuimos con impuestos y generamos empleos\u201d, enfatiz\u00f3.<\/p>\n<p>Sobre el papel del gobierno y la falta de medidas preventivas, Garc\u00eda Gonz\u00e1lez consider\u00f3 que las autoridades deben contar con protocolos de reacci\u00f3n m\u00e1s eficaces ante emergencias naturales.<\/p>\n<p>\u201cYa no estamos para la foto, sino para actuar con experiencia. No se observaron protocolos reales durante la contingencia. Si sab\u00edan que ven\u00eda una inundaci\u00f3n, hab\u00eda que evacuar a tiempo. El s\u00e1bado para domingo fue cuando m\u00e1s subi\u00f3 el r\u00edo y ya hab\u00eda pasado la contingencia\u201d, se\u00f1al\u00f3.<\/p>\n<p>Tambi\u00e9n hizo un llamado a que los perfiles dentro del servicio p\u00fablico correspondan a personas con experiencia y conocimiento t\u00e9cnico.<\/p>\n<p>\u201cEn Canacintra tenemos expertos en cada \u00e1rea. Podr\u00edamos ser grandes asesores del gobierno, pero muchas veces ni siquiera nos voltean a ver\u201d, expres\u00f3.<\/p>\n<p>Respecto a la desaparici\u00f3n del Fondo de Desastres Naturales (Fonden) y las recientes declaraciones sobre la existencia de un fondo de contingencias de 19 mil millones de pesos, Garc\u00eda Gonz\u00e1lez mostr\u00f3 cautela.<\/p>\n<p>\u201cNo sabemos c\u00f3mo se va a aplicar ni d\u00f3nde est\u00e1 reflejado en transparencia. Crear una aseguradora estatal, como se ha dicho, es un proceso complejo y requiere reaseguradoras. Si no la tienen, el costo econ\u00f3mico y pol\u00edtico ser\u00e1 alt\u00edsimo\u201d, afirm\u00f3.<\/p>\n<p>Finalmente, el representante de Canacintra llam\u00f3 a las autoridades federales y estatales a ofrecer informaci\u00f3n clara y apoyo inmediato.<\/p>\n<p>\u201cNo vemos presencia de aseguradoras ni asesoramiento. Es una desgracia de dimensiones internacionales, y necesitamos una respuesta pronta y efectiva\u201d, concluy\u00f3.<\/p>\n","protected":false},"excerpt":{"rendered":"<p>Dar\u00edo Pale Xalapa, Ver.- Juan Manuel Garc\u00eda Gonz\u00e1lez, vicepresidente nacional zona Golfo Centro de la C\u00e1mara Nacional de la Industria de la Transformaci\u00f3n (Canacintra), inform\u00f3 que el organismo empresarial se encuentra realizando un censo entre sus socios de Poza Rica y Tuxpan, donde las afectaciones por las recientes inundaciones son de gran magnitud. \u201cLlevamos apenas [&hellip;]<\/p>\n","protected":false},"author":2476,"featured_media":71954,"comment_status":"open","ping_status":"open","sticky":false,"template":"","format":"standard","meta":{"_jetpack_memberships_contains_paid_content":false,"footnotes":""},"categories":[2],"tags":[],"class_list":["post-71953","post","type-post","status-publish","format-standard","has-post-thumbnail","hentry","category-estado"],"jetpack_featured_media_url":"https:\/\/encuentroinformativo.com.mx\/wp-content\/uploads\/2025\/10\/IMG-20251014-WA02272.jpg","jetpack_sharing_enabled":true,"jetpack_likes_enabled":true,"amp_enabled":true,"_links":{"self":[{"href":"https:\/\/encuentroinformativo.com.mx\/index.php?rest_route=\/wp\/v2\/posts\/71953","targetHints":{"allow":["GET"]}}],"collection":[{"href":"https:\/\/encuentroinformativo.com.mx\/index.php?rest_route=\/wp\/v2\/posts"}],"about":[{"href":"https:\/\/encuentroinformativo.com.mx\/index.php?rest_route=\/wp\/v2\/types\/post"}],"author":[{"embeddable":true,"href":"https:\/\/encuentroinformativo.com.mx\/index.php?rest_route=\/wp\/v2\/users\/2476"}],"replies":[{"embeddable":true,"href":"https:\/\/encuentroinformativo.com.mx\/index.php?rest_route=%2Fwp%2Fv2%2Fcomments&post=71953"}],"version-history":[{"count":1,"href":"https:\/\/encuentroinformativo.com.mx\/index.php?rest_route=\/wp\/v2\/posts\/71953\/revisions"}],"predecessor-version":[{"id":71955,"href":"https:\/\/encuentroinformativo.com.mx\/index.php?rest_route=\/wp\/v2\/posts\/71953\/revisions\/71955"}],"wp:featuredmedia":[{"embeddable":true,"href":"https:\/\/encuentroinformativo.com.mx\/index.php?rest_route=\/wp\/v2\/media\/71954"}],"wp:attachment":[{"href":"https:\/\/encuentroinformativo.com.mx\/index.php?rest_route=%2Fwp%2Fv2%2Fmedia&parent=71953"}],"wp:term":[{"taxonomy":"category","embeddable":true,"href":"https:\/\/encuentroinformativo.com.mx\/index.php?rest_route=%2Fwp%2Fv2%2Fcategories&post=71953"},{"taxonomy":"post_tag","embeddable":true,"href":"https:\/\/encuentroinformativo.com.mx\/index.php?rest_route=%2Fwp%2Fv2%2Ftags&post=71953"}],"curies":[{"name":"wp","href":"https:\/\/api.w.org\/{rel}","templated":true}]}}