{"id":71957,"date":"2025-10-14T13:47:42","date_gmt":"2025-10-14T19:47:42","guid":{"rendered":"https:\/\/encuentroinformativo.com.mx\/?p=71957"},"modified":"2025-10-14T13:47:42","modified_gmt":"2025-10-14T19:47:42","slug":"inah-entregara-canones-y-parte-de-la-muralla-para-exposicion-en-museo-de-veracruz","status":"publish","type":"post","link":"https:\/\/encuentroinformativo.com.mx\/?p=71957","title":{"rendered":"INAH entregar\u00e1 ca\u00f1ones y parte de la muralla para exposici\u00f3n en museo de Veracruz"},"content":{"rendered":"<p><strong>Alejandro \u00c1vila<\/strong><\/p>\n<p>Veracruz, Ver.- El Instituto Nacional de Antropolog\u00eda e Historia (INAH), a trav\u00e9s de su delegado en Veracruz, Fernando Molina Herbert, dio autorizaci\u00f3n para que los ca\u00f1ones y parte de la Muralla que fueron encontradas durante los trabajos de remodelaci\u00f3n del Centro Hist\u00f3rico sean expuestas en el Museo de la ciudad.<\/p>\n<p>&#8220;Vamos a tener estas piezas originales en nuestro Museo de la ciudad, lo cual a nosotros nos llena de alegr\u00eda, vamos muy bien con la obra vamos muy bien con la museograf\u00eda y estoy segura que cuando se inaugure va a ser una gran inauguraci\u00f3n (&#8230;) se rescataron cuatro, no sabemos si nos van a dar los cuatro, pero realmente nosotros con dos estamos muy contentos y el pedazo de muralla original (&#8230;) tendr\u00e1n un nicho especial la museograf\u00eda est\u00e1 dividida por \u00e9pocas, por periodos que vivi\u00f3 la ciudad de Veracruz y estas piezas estar\u00edan de acuerdo a su periodo&#8221;, expres\u00f3 la alcaldesa de Veracruz, Patricia Lobeira Rodr\u00edguez.<\/p>\n<p>Este martes 14 de octubre presentaron el programa de actividades con motivos de los festejos del D\u00eda de Muertos, d\u00f3nde destaca la quinta edici\u00f3n del Festival Tamaliza en el Puerto la tarde del domingo 2 de noviembre en el Z\u00f3calo de Veracruz.<\/p>\n<p>&#8220;Vamos a tener a danzonera, una zumba alusiva el D\u00eda de Muertos en Reino M\u00e1gico, el concierto en Foro Boca el 31 de octubre, el cual estoy segura que ser\u00e1 muy bonito y muy emocionante, y todas las actividades que vamos a tener aqu\u00ed en esta zona de Veracruz para disfrutar el D\u00eda de Muertos&#8221;, culmin\u00f3.<\/p>\n","protected":false},"excerpt":{"rendered":"<p>Alejandro \u00c1vila Veracruz, Ver.- El Instituto Nacional de Antropolog\u00eda e Historia (INAH), a trav\u00e9s de su delegado en Veracruz, Fernando Molina Herbert, dio autorizaci\u00f3n para que los ca\u00f1ones y parte de la Muralla que fueron encontradas durante los trabajos de remodelaci\u00f3n del Centro Hist\u00f3rico sean expuestas en el Museo de la ciudad. &#8220;Vamos a tener [&hellip;]<\/p>\n","protected":false},"author":2476,"featured_media":71958,"comment_status":"open","ping_status":"open","sticky":false,"template":"","format":"standard","meta":{"_jetpack_memberships_contains_paid_content":false,"footnotes":""},"categories":[2],"tags":[],"class_list":["post-71957","post","type-post","status-publish","format-standard","has-post-thumbnail","hentry","category-estado"],"jetpack_featured_media_url":"https:\/\/encuentroinformativo.com.mx\/wp-content\/uploads\/2025\/10\/IMG-20251014-WA0244.jpg","jetpack_sharing_enabled":true,"jetpack_likes_enabled":true,"amp_enabled":true,"_links":{"self":[{"href":"https:\/\/encuentroinformativo.com.mx\/index.php?rest_route=\/wp\/v2\/posts\/71957","targetHints":{"allow":["GET"]}}],"collection":[{"href":"https:\/\/encuentroinformativo.com.mx\/index.php?rest_route=\/wp\/v2\/posts"}],"about":[{"href":"https:\/\/encuentroinformativo.com.mx\/index.php?rest_route=\/wp\/v2\/types\/post"}],"author":[{"embeddable":true,"href":"https:\/\/encuentroinformativo.com.mx\/index.php?rest_route=\/wp\/v2\/users\/2476"}],"replies":[{"embeddable":true,"href":"https:\/\/encuentroinformativo.com.mx\/index.php?rest_route=%2Fwp%2Fv2%2Fcomments&post=71957"}],"version-history":[{"count":1,"href":"https:\/\/encuentroinformativo.com.mx\/index.php?rest_route=\/wp\/v2\/posts\/71957\/revisions"}],"predecessor-version":[{"id":71959,"href":"https:\/\/encuentroinformativo.com.mx\/index.php?rest_route=\/wp\/v2\/posts\/71957\/revisions\/71959"}],"wp:featuredmedia":[{"embeddable":true,"href":"https:\/\/encuentroinformativo.com.mx\/index.php?rest_route=\/wp\/v2\/media\/71958"}],"wp:attachment":[{"href":"https:\/\/encuentroinformativo.com.mx\/index.php?rest_route=%2Fwp%2Fv2%2Fmedia&parent=71957"}],"wp:term":[{"taxonomy":"category","embeddable":true,"href":"https:\/\/encuentroinformativo.com.mx\/index.php?rest_route=%2Fwp%2Fv2%2Fcategories&post=71957"},{"taxonomy":"post_tag","embeddable":true,"href":"https:\/\/encuentroinformativo.com.mx\/index.php?rest_route=%2Fwp%2Fv2%2Ftags&post=71957"}],"curies":[{"name":"wp","href":"https:\/\/api.w.org\/{rel}","templated":true}]}}