{"id":7196,"date":"2020-10-22T12:56:45","date_gmt":"2020-10-22T17:56:45","guid":{"rendered":"https:\/\/encuentroinformativo.com.mx\/?p=7196"},"modified":"2020-10-22T12:56:47","modified_gmt":"2020-10-22T17:56:47","slug":"frena-anuncia-protesta-por-desaparicion-de-fideicomisos","status":"publish","type":"post","link":"https:\/\/encuentroinformativo.com.mx\/?p=7196","title":{"rendered":"FRENA anuncia protesta por desaparici\u00f3n de fideicomisos"},"content":{"rendered":"\n<p><strong>Dar\u00edo Pale <\/strong><\/p>\n\n\n\n<p>Xalapa, Ver.- Hilda Salda\u00f1a integrante del\u00a0Frente Nacional Anti-AMLO (FRENA), dio a conocer que el\u00a0pr\u00f3ximo s\u00e1bado 24, realizar\u00e1n una marcha como medida de protesta por las acciones que realiza el gobierno federal como fue la extinci\u00f3n de los 109 fideicomisos.<\/p>\n\n\n\n<p>En conferencia de prensa realizada en conocido caf\u00e9 del centro de Xalapa, adelant\u00f3 que entre las acciones que pr\u00f3ximamente se llevara a cabo es la toma de la dependencias federales y la ocupaci\u00f3n total de Z\u00f3calo en la Ciudad de M\u00e9xico.<\/p>\n\n\n\n<p>Por lo cual inform\u00f3 que el pr\u00f3ximo s\u00e1bado 24 de octubre, realizar\u00e1n una marcha para exigir una vez m\u00e1s la renuncia del presidente Andr\u00e9s Manuel L\u00f3pez Obrador antes del 30 de noviembre, por lo que\u00a0siguen apoyando la lucha del movimiento a nivel nacional, y en punto de las 10:30 de la ma\u00f1ana, saliendo del Teatro del Estado en Xalapa convocan a la poblaci\u00f3n para que participen.<\/p>\n\n\n\n<p>\u201cVamos a estar hablando de la tragedia que vivimos en nuestro pa\u00eds, cada vez se consolida la dictadura en M\u00e9xico con la extinci\u00f3n de 109 fideicomisos que est\u00e1n dejando sin fondos a varios rubros, como el deporte, las artes, o sea, son much\u00edsimo que los mexicanos ven\u00edamos ahorrando\u201d, se\u00f1al\u00f3.<\/p>\n\n\n\n<p>La integrante de FRENA, reprob\u00f3 el actuar de los diputados y senadores de Morena de aprobar la desaparici\u00f3n de Fideicomisos, que lo \u00fanico que se lograr\u00e1 dijo, es la de tener un \u201cfondo\u201d para las elecciones del 2021,\u00a0adem\u00e1s de la marcha, tambi\u00e9n se har\u00e1 la toma de oficinas del Gobierno Federal en las\u00a0 principales ciudades, esto para el 31 de octubre.<\/p>\n","protected":false},"excerpt":{"rendered":"<p>Dar\u00edo Pale Xalapa, Ver.- Hilda Salda\u00f1a integrante del\u00a0Frente Nacional Anti-AMLO (FRENA), dio a conocer que el\u00a0pr\u00f3ximo s\u00e1bado 24, realizar\u00e1n una marcha como medida de protesta por las acciones que realiza el gobierno federal como fue la extinci\u00f3n de los 109 fideicomisos. En conferencia de prensa realizada en conocido caf\u00e9 del centro de Xalapa, adelant\u00f3 que [&hellip;]<\/p>\n","protected":false},"author":1,"featured_media":7197,"comment_status":"open","ping_status":"open","sticky":false,"template":"","format":"standard","meta":{"_jetpack_memberships_contains_paid_content":false,"footnotes":""},"categories":[3],"tags":[],"class_list":["post-7196","post","type-post","status-publish","format-standard","has-post-thumbnail","hentry","category-xalapa"],"jetpack_featured_media_url":"https:\/\/encuentroinformativo.com.mx\/wp-content\/uploads\/2020\/10\/6AE500C4-87A9-49AD-AB8F-5B2A8865BEC6.jpeg","jetpack_sharing_enabled":true,"jetpack_likes_enabled":true,"amp_enabled":true,"_links":{"self":[{"href":"https:\/\/encuentroinformativo.com.mx\/index.php?rest_route=\/wp\/v2\/posts\/7196","targetHints":{"allow":["GET"]}}],"collection":[{"href":"https:\/\/encuentroinformativo.com.mx\/index.php?rest_route=\/wp\/v2\/posts"}],"about":[{"href":"https:\/\/encuentroinformativo.com.mx\/index.php?rest_route=\/wp\/v2\/types\/post"}],"author":[{"embeddable":true,"href":"https:\/\/encuentroinformativo.com.mx\/index.php?rest_route=\/wp\/v2\/users\/1"}],"replies":[{"embeddable":true,"href":"https:\/\/encuentroinformativo.com.mx\/index.php?rest_route=%2Fwp%2Fv2%2Fcomments&post=7196"}],"version-history":[{"count":1,"href":"https:\/\/encuentroinformativo.com.mx\/index.php?rest_route=\/wp\/v2\/posts\/7196\/revisions"}],"predecessor-version":[{"id":7198,"href":"https:\/\/encuentroinformativo.com.mx\/index.php?rest_route=\/wp\/v2\/posts\/7196\/revisions\/7198"}],"wp:featuredmedia":[{"embeddable":true,"href":"https:\/\/encuentroinformativo.com.mx\/index.php?rest_route=\/wp\/v2\/media\/7197"}],"wp:attachment":[{"href":"https:\/\/encuentroinformativo.com.mx\/index.php?rest_route=%2Fwp%2Fv2%2Fmedia&parent=7196"}],"wp:term":[{"taxonomy":"category","embeddable":true,"href":"https:\/\/encuentroinformativo.com.mx\/index.php?rest_route=%2Fwp%2Fv2%2Fcategories&post=7196"},{"taxonomy":"post_tag","embeddable":true,"href":"https:\/\/encuentroinformativo.com.mx\/index.php?rest_route=%2Fwp%2Fv2%2Ftags&post=7196"}],"curies":[{"name":"wp","href":"https:\/\/api.w.org\/{rel}","templated":true}]}}