{"id":71970,"date":"2025-10-14T15:08:48","date_gmt":"2025-10-14T21:08:48","guid":{"rendered":"https:\/\/encuentroinformativo.com.mx\/?p=71970"},"modified":"2025-10-14T15:08:48","modified_gmt":"2025-10-14T21:08:48","slug":"respalda-uv-acciones-integrales-de-atencion-en-la-zona-norte-de-veracruz","status":"publish","type":"post","link":"https:\/\/encuentroinformativo.com.mx\/?p=71970","title":{"rendered":"Respalda UV acciones integrales de atenci\u00f3n en la zona norte de Veracruz"},"content":{"rendered":"<p><strong>Dar\u00edo Pale<\/strong><\/p>\n<p>Xalapa, Ver.- El rector de la Universidad Veracruzana (UV), Mart\u00edn Aguilar S\u00e1nchez, inform\u00f3 que la instituci\u00f3n ha desplegado acciones integrales de ayuda humanitaria, acopio y reconstrucci\u00f3n en apoyo a la comunidad universitaria y a la poblaci\u00f3n afectada por las inundaciones que devastaron la zona norte del estado, particularmente en Poza Rica.<\/p>\n<p>Durante una entrevista, el rector destac\u00f3 que la prioridad de la universidad es garantizar la transparencia y efectividad en la entrega de apoyos, evitando cualquier uso pol\u00edtico o partidista de los recursos.<\/p>\n<p>\u201cQueremos asegurar el acopio y que llegue a quien realmente lo necesita. No estamos haciendo pol\u00edtica con esto, lo principal es ayudar a nuestra comunidad estudiantil y a la sociedad del norte del estado\u201d, subray\u00f3 Aguilar S\u00e1nchez.<\/p>\n<p>El rector inform\u00f3 que hasta el momento se han entregado cerca de 16 toneladas de v\u00edveres y art\u00edculos de primera necesidad, recolectados en los diferentes campus universitarios.<\/p>\n<p>La UV mantiene centros de acopio activos en las regiones Coatzacoalcos-Minatitl\u00e1n, Orizaba-C\u00f3rdoba, Veracruz, Xalapa y Poza Rica-Tuxpan, donde estudiantes, acad\u00e9micos y personal administrativo participan en la colecta.<\/p>\n<p>\u201cEstamos coordin\u00e1ndonos con Protecci\u00f3n Civil, el gobierno del estado, el gobierno federal y la Cruz Roja. Parte del acopio se entrega directamente a las comunidades, y otra parte a la Cruz Roja, para asegurar su distribuci\u00f3n\u201d, explic\u00f3.<\/p>\n<p>Adem\u00e1s, la instituci\u00f3n ha puesto en marcha brigadas multidisciplinarias de salud, limpieza y asistencia social, as\u00ed como la apertura de una cuenta para donaciones econ\u00f3micas, supervisada por la Contralor\u00eda General y una Comisi\u00f3n de Honor universitaria.<\/p>\n<p>Tambi\u00e9n se est\u00e1n utilizando los comedores universitarios para preparar alimentos destinados a estudiantes y familias damnificadas.<\/p>\n<p>Aguilar S\u00e1nchez confirm\u00f3 que la Unidad de Ciencias de la Salud de Poza Rica sufri\u00f3 graves da\u00f1os estructurales y p\u00e9rdida total de equipo, incluyendo simuladores m\u00e9dicos, mobiliario y material de odontolog\u00eda.<\/p>\n<p>\u201cTodo el equipo est\u00e1 echado a perder, hay mucho lodo, agua y destrucci\u00f3n. Estamos iniciando la limpieza y trabajando para recuperar la infraestructura\u201d, detall\u00f3.<\/p>\n<p>Debido a estas condiciones, la UV suspendi\u00f3 clases en toda la regi\u00f3n norte. Aunque inicialmente se hab\u00eda planteado reanudar actividades la pr\u00f3xima semana, el rector adelant\u00f3 que no hay condiciones para retomar clases presenciales, especialmente en las instalaciones m\u00e1s afectadas.<\/p>\n<p>El rector inform\u00f3 que la universidad contin\u00faa verificando la situaci\u00f3n de sus estudiantes y pidi\u00f3 a los familiares mantenerse en contacto con las autoridades acad\u00e9micas para reportar cualquier caso de incomunicaci\u00f3n.<\/p>\n<p>\u201cLo que nosotros estamos ahorita trabajando muy fuerte para que ya podamos cerrar este proceso y con claridad decir que nuestros estudiantes est\u00e1n bien, en eso estamos trabajando ahorita y estamos trabajando recopilando toda la informaci\u00f3n porque ustedes saben, que es un asunto de una inundaci\u00f3n en toda la zona norte del estado\u201d, coment\u00f3.<\/p>\n<p>\u201cAgradecemos a los familiares que se han estado comunicando. Les pedimos que sigan haci\u00e9ndolo por las v\u00edas oficiales, ya sea por WhatsApp o directamente con las direcciones y secretar\u00edas de facultad. Nuestros consejeros universitarios y brigadas estudiantiles est\u00e1n apoyando en campo\u201d, indic\u00f3.<\/p>\n<p>En Poza Rica, los propios estudiantes han participado en labores de acopio, entrega de v\u00edveres, limpieza y atenci\u00f3n sanitaria a las comunidades afectadas.<\/p>\n<p>Ante cuestionamientos por el aviso nocturno de suspensi\u00f3n de clases, Aguilar S\u00e1nchez aclar\u00f3 que la Universidad actu\u00f3 en funci\u00f3n de los reportes oficiales de Protecci\u00f3n Civil, y que los comunicados se emitieron conforme avanzaban las alertas meteorol\u00f3gicas.<\/p>\n<p>\u201cEmitimos comunicados todos los d\u00edas. En un inicio Poza Rica no estaba incluida oficialmente en el aviso, pero aun as\u00ed nosotros adelantamos la suspensi\u00f3n. Muchos estudiantes ya se hab\u00edan retirado desde el primer o segundo d\u00eda. No hubo instalaciones activas en ese momento\u201d, puntualiz\u00f3.<\/p>\n<p>El rector reiter\u00f3 el compromiso de la Universidad Veracruzana con la transparencia, la solidaridad y la atenci\u00f3n a las comunidades m\u00e1s afectadas. Inform\u00f3 que la instituci\u00f3n mantiene comunicaci\u00f3n directa con autoridades estatales y federales, incluso reportando casos de comunidades incomunicadas como Ilamatl\u00e1n, a las que solo se puede acceder por v\u00eda a\u00e9rea.<\/p>\n<p>Finalmente Aguilar S\u00e1nchez dijo que, \u201cla sociedad conf\u00eda en la Universidad Veracruzana, y eso nos compromete a\u00fan m\u00e1s a responder con responsabilidad. Vamos a seguir apoyando a quienes m\u00e1s lo necesitan, dentro y fuera de nuestra comunidad universitaria\u201d.<\/p>\n<p><img loading=\"lazy\" decoding=\"async\" class=\"aligncenter size-medium wp-image-71972\" src=\"https:\/\/encuentroinformativo.com.mx\/wp-content\/uploads\/2025\/10\/IMG-20251014-WA0282-300x225.jpg\" alt=\"\" width=\"300\" height=\"225\" srcset=\"https:\/\/encuentroinformativo.com.mx\/wp-content\/uploads\/2025\/10\/IMG-20251014-WA0282-300x225.jpg 300w, https:\/\/encuentroinformativo.com.mx\/wp-content\/uploads\/2025\/10\/IMG-20251014-WA0282-1024x768.jpg 1024w, https:\/\/encuentroinformativo.com.mx\/wp-content\/uploads\/2025\/10\/IMG-20251014-WA0282-768x576.jpg 768w, https:\/\/encuentroinformativo.com.mx\/wp-content\/uploads\/2025\/10\/IMG-20251014-WA0282.jpg 1280w\" sizes=\"auto, (max-width: 300px) 100vw, 300px\" \/><\/p>\n","protected":false},"excerpt":{"rendered":"<p>Dar\u00edo Pale Xalapa, Ver.- El rector de la Universidad Veracruzana (UV), Mart\u00edn Aguilar S\u00e1nchez, inform\u00f3 que la instituci\u00f3n ha desplegado acciones integrales de ayuda humanitaria, acopio y reconstrucci\u00f3n en apoyo a la comunidad universitaria y a la poblaci\u00f3n afectada por las inundaciones que devastaron la zona norte del estado, particularmente en Poza Rica. Durante una [&hellip;]<\/p>\n","protected":false},"author":2476,"featured_media":71971,"comment_status":"open","ping_status":"open","sticky":false,"template":"","format":"standard","meta":{"_jetpack_memberships_contains_paid_content":false,"footnotes":""},"categories":[2],"tags":[],"class_list":["post-71970","post","type-post","status-publish","format-standard","has-post-thumbnail","hentry","category-estado"],"jetpack_featured_media_url":"https:\/\/encuentroinformativo.com.mx\/wp-content\/uploads\/2025\/10\/IMG-20251014-WA0280.jpg","jetpack_sharing_enabled":true,"jetpack_likes_enabled":true,"amp_enabled":true,"_links":{"self":[{"href":"https:\/\/encuentroinformativo.com.mx\/index.php?rest_route=\/wp\/v2\/posts\/71970","targetHints":{"allow":["GET"]}}],"collection":[{"href":"https:\/\/encuentroinformativo.com.mx\/index.php?rest_route=\/wp\/v2\/posts"}],"about":[{"href":"https:\/\/encuentroinformativo.com.mx\/index.php?rest_route=\/wp\/v2\/types\/post"}],"author":[{"embeddable":true,"href":"https:\/\/encuentroinformativo.com.mx\/index.php?rest_route=\/wp\/v2\/users\/2476"}],"replies":[{"embeddable":true,"href":"https:\/\/encuentroinformativo.com.mx\/index.php?rest_route=%2Fwp%2Fv2%2Fcomments&post=71970"}],"version-history":[{"count":1,"href":"https:\/\/encuentroinformativo.com.mx\/index.php?rest_route=\/wp\/v2\/posts\/71970\/revisions"}],"predecessor-version":[{"id":71973,"href":"https:\/\/encuentroinformativo.com.mx\/index.php?rest_route=\/wp\/v2\/posts\/71970\/revisions\/71973"}],"wp:featuredmedia":[{"embeddable":true,"href":"https:\/\/encuentroinformativo.com.mx\/index.php?rest_route=\/wp\/v2\/media\/71971"}],"wp:attachment":[{"href":"https:\/\/encuentroinformativo.com.mx\/index.php?rest_route=%2Fwp%2Fv2%2Fmedia&parent=71970"}],"wp:term":[{"taxonomy":"category","embeddable":true,"href":"https:\/\/encuentroinformativo.com.mx\/index.php?rest_route=%2Fwp%2Fv2%2Fcategories&post=71970"},{"taxonomy":"post_tag","embeddable":true,"href":"https:\/\/encuentroinformativo.com.mx\/index.php?rest_route=%2Fwp%2Fv2%2Ftags&post=71970"}],"curies":[{"name":"wp","href":"https:\/\/api.w.org\/{rel}","templated":true}]}}