{"id":71980,"date":"2025-10-15T11:05:50","date_gmt":"2025-10-15T17:05:50","guid":{"rendered":"https:\/\/encuentroinformativo.com.mx\/?p=71980"},"modified":"2025-10-15T11:05:50","modified_gmt":"2025-10-15T17:05:50","slug":"protestan-estudiantes-por-presunta-negligencia-en-suspension-de-clases","status":"publish","type":"post","link":"https:\/\/encuentroinformativo.com.mx\/?p=71980","title":{"rendered":"Protestan estudiantes por presunta negligencia en suspensi\u00f3n de clases"},"content":{"rendered":"<p><strong>Dar\u00edo Pale<\/strong><\/p>\n<p>Xalapa, Ver.- Estudiantes de distintas facultades de la Zona Universitaria de Xalapa realizaron la ma\u00f1ana de este mi\u00e9rcoles un paro estudiantil en protesta por lo que calificaron como \u201cnegligencia\u201d de la Universidad Veracruzana (UV), luego de que la instituci\u00f3n no suspendiera clases pese a la alerta emitida por la Secretar\u00eda de Protecci\u00f3n Civil.<\/p>\n<p>De acuerdo con los inconformes, tras difundirse el aviso oficial para detener actividades, esperaron instrucciones de la Universidad, sin embargo, no recibieron comunicaci\u00f3n clara ni oportuna. Esto provoc\u00f3 confusi\u00f3n entre la comunidad estudiantil, que decidi\u00f3 acudir a clases ante el temor de posibles sanciones.<\/p>\n<p>Algunos estudiantes denunciaron que docentes y autoridades universitarias advirtieron sobre consecuencias acad\u00e9micas -como la p\u00e9rdida de puntos o incluso reprobaciones- para quienes no se presentaran a las aulas.<\/p>\n<p>Finalmente los manifestantes acusaron que la UV prioriz\u00f3 la continuidad acad\u00e9mica por encima de la seguridad y el bienestar de su comunidad, y exigieron a las autoridades universitarias establecer protocolos claros de actuaci\u00f3n ante emergencias y comunicaci\u00f3n directa e inmediata con el alumnado.<\/p>\n<p>&nbsp;<\/p>\n","protected":false},"excerpt":{"rendered":"<p>Dar\u00edo Pale Xalapa, Ver.- Estudiantes de distintas facultades de la Zona Universitaria de Xalapa realizaron la ma\u00f1ana de este mi\u00e9rcoles un paro estudiantil en protesta por lo que calificaron como \u201cnegligencia\u201d de la Universidad Veracruzana (UV), luego de que la instituci\u00f3n no suspendiera clases pese a la alerta emitida por la Secretar\u00eda de Protecci\u00f3n Civil. [&hellip;]<\/p>\n","protected":false},"author":2476,"featured_media":71981,"comment_status":"open","ping_status":"open","sticky":false,"template":"","format":"standard","meta":{"_jetpack_memberships_contains_paid_content":false,"footnotes":""},"categories":[2],"tags":[],"class_list":["post-71980","post","type-post","status-publish","format-standard","has-post-thumbnail","hentry","category-estado"],"jetpack_featured_media_url":"https:\/\/encuentroinformativo.com.mx\/wp-content\/uploads\/2025\/10\/IMG-20251015-WA0150-scaled.jpg","jetpack_sharing_enabled":true,"jetpack_likes_enabled":true,"amp_enabled":true,"_links":{"self":[{"href":"https:\/\/encuentroinformativo.com.mx\/index.php?rest_route=\/wp\/v2\/posts\/71980","targetHints":{"allow":["GET"]}}],"collection":[{"href":"https:\/\/encuentroinformativo.com.mx\/index.php?rest_route=\/wp\/v2\/posts"}],"about":[{"href":"https:\/\/encuentroinformativo.com.mx\/index.php?rest_route=\/wp\/v2\/types\/post"}],"author":[{"embeddable":true,"href":"https:\/\/encuentroinformativo.com.mx\/index.php?rest_route=\/wp\/v2\/users\/2476"}],"replies":[{"embeddable":true,"href":"https:\/\/encuentroinformativo.com.mx\/index.php?rest_route=%2Fwp%2Fv2%2Fcomments&post=71980"}],"version-history":[{"count":1,"href":"https:\/\/encuentroinformativo.com.mx\/index.php?rest_route=\/wp\/v2\/posts\/71980\/revisions"}],"predecessor-version":[{"id":71982,"href":"https:\/\/encuentroinformativo.com.mx\/index.php?rest_route=\/wp\/v2\/posts\/71980\/revisions\/71982"}],"wp:featuredmedia":[{"embeddable":true,"href":"https:\/\/encuentroinformativo.com.mx\/index.php?rest_route=\/wp\/v2\/media\/71981"}],"wp:attachment":[{"href":"https:\/\/encuentroinformativo.com.mx\/index.php?rest_route=%2Fwp%2Fv2%2Fmedia&parent=71980"}],"wp:term":[{"taxonomy":"category","embeddable":true,"href":"https:\/\/encuentroinformativo.com.mx\/index.php?rest_route=%2Fwp%2Fv2%2Fcategories&post=71980"},{"taxonomy":"post_tag","embeddable":true,"href":"https:\/\/encuentroinformativo.com.mx\/index.php?rest_route=%2Fwp%2Fv2%2Ftags&post=71980"}],"curies":[{"name":"wp","href":"https:\/\/api.w.org\/{rel}","templated":true}]}}