{"id":71983,"date":"2025-10-15T11:11:36","date_gmt":"2025-10-15T17:11:36","guid":{"rendered":"https:\/\/encuentroinformativo.com.mx\/?p=71983"},"modified":"2025-10-15T11:11:36","modified_gmt":"2025-10-15T17:11:36","slug":"anuncian-la-proxima-edicion-de-festival-internacional-cuentos-y-flores","status":"publish","type":"post","link":"https:\/\/encuentroinformativo.com.mx\/?p=71983","title":{"rendered":"Anuncian la pr\u00f3xima edici\u00f3n de Festival Internacional Cuentos y Flores"},"content":{"rendered":"<p><strong>Dar\u00edo Pale<\/strong><\/p>\n<p>Xalapa, Ver.- El pr\u00f3ximo lunes 20 de octubre dar\u00e1 inicio en Xalapa la 12\u00aa edici\u00f3n del Festival Internacional Cuentos y Flores, un evento independiente dedicado a la narraci\u00f3n oral y a la promoci\u00f3n de la cultura a trav\u00e9s de la palabra, organizado por el colectivo Cuentos y Flores que dirige Iv\u00e1n Zepeda Valdez, fundador y director general del proyecto.<\/p>\n<p>Durante una semana completa, del 20 al 26 de octubre, la capital veracruzana ser\u00e1 escenario de diversas actividades con narradores y narradoras provenientes de distintos pa\u00edses. Este a\u00f1o participar\u00e1n representantes de Espa\u00f1a, Per\u00fa, Costa Rica y M\u00e9xico, quienes ofrecer\u00e1n funciones, talleres y presentaciones gratuitas o de bajo costo en distintos puntos de la ciudad.<\/p>\n<p>La funci\u00f3n inaugural se llevar\u00e1 a cabo el lunes 20 a las 17:00 horas en el Parque Ju\u00e1rez, con entrada libre para todo p\u00fablico. El martes, se realizar\u00e1 un taller de narraci\u00f3n oral con uno de los invitados internacionales en la librer\u00eda Rueca de Gandhi.<\/p>\n<p>El jueves 23 tendr\u00e1 lugar la funci\u00f3n de gala de narradores extranjeros en el Teatro J.J. Herrera, a las 17:00 horas, con la participaci\u00f3n del narrador de Per\u00fa, el de Costa Rica y la narradora espa\u00f1ola Luisa Aguilar.<\/p>\n<p>El viernes 24 se llevar\u00e1 a cabo el ya tradicional recorrido \u201cLeyendas del Mundo\u201d, que iniciar\u00e1 a las 18:00 horas en el Parque Ju\u00e1rez, y recorrer\u00e1 las calles del Centro Hist\u00f3rico hasta la Catedral Metropolitana.<\/p>\n<p>Esa misma noche se presentar\u00e1 la funci\u00f3n \u201cCuentos \u00cdntimos\u201d, una sesi\u00f3n de cuento er\u00f3tico dirigida a p\u00fablico adulto, en la que participar\u00e1n cinco narradores, entre ellos el propio Zepeda Valdez.<\/p>\n<p>Para el p\u00fablico infantil, el s\u00e1bado 25 al mediod\u00eda se ofrecer\u00e1 la funci\u00f3n \u201cCuentos para ni\u00f1os y ni\u00f1as\u201d en el Foro Guadalupe Balderas del Centro Recreativo Xalape\u00f1o, especialmente dise\u00f1ada para los m\u00e1s peque\u00f1os, con un formato m\u00e1s cercano e interactivo.<\/p>\n<p>La jornada concluir\u00e1 ese mismo s\u00e1bado con \u201cHistorias para contar al o\u00eddo\u201d, una presentaci\u00f3n para j\u00f3venes y adultos que se realizar\u00e1 en el Caf\u00e9 La Moderna, ubicado en la zona de Los Berros.<\/p>\n<p>La edici\u00f3n 2025 del festival tiene como imagen principal la loter\u00eda mexicana, donde cada carta representa a un narrador o su pa\u00eds de origen. Adem\u00e1s, se pondr\u00e1n a la venta cartones de loter\u00eda personalizados, souvenirs, tazas y stickers alusivos al evento.<\/p>\n<p>Zepeda Valdez destac\u00f3 que Cuentos y Flores es un esfuerzo autogestivo e independiente, sostenido por el amor al arte y la comunidad. \u201cNos llena de orgullo poder hacerlo cada a\u00f1o, sobre todo pensando en las infancias de la ciudad\u201d, afirm\u00f3.<\/p>\n<p>El programa tambi\u00e9n incluye funciones con sentido social, que no forman parte del cartel oficial, pero que llevan la narraci\u00f3n oral a espacios como el Cerezo de Pacho Viejo, el Hospital de Cancerolog\u00eda, el Centro de Rehabilitaci\u00f3n Cone Cali, y al grupo \u201cHombres responsabiliz\u00e1ndose de su vida\u201d, que trabaja en la prevenci\u00f3n de la violencia de g\u00e9nero.<\/p>\n<p>Todas las actividades y horarios pueden consultarse en las redes sociales del festival: Cuentos y Flores en Facebook y @festivalcuentosyflores en Instagram, para mayores informes, el p\u00fablico puede comunicarse al tel\u00e9fono 2281 58 76 78.<\/p>\n<p>Finalmente dijo que, \u201chay cuentos para todas las edades y todos los gustos. Es un festival hecho con mucho amor, para toda la gente\u201d.<\/p>\n","protected":false},"excerpt":{"rendered":"<p>Dar\u00edo Pale Xalapa, Ver.- El pr\u00f3ximo lunes 20 de octubre dar\u00e1 inicio en Xalapa la 12\u00aa edici\u00f3n del Festival Internacional Cuentos y Flores, un evento independiente dedicado a la narraci\u00f3n oral y a la promoci\u00f3n de la cultura a trav\u00e9s de la palabra, organizado por el colectivo Cuentos y Flores que dirige Iv\u00e1n Zepeda Valdez, [&hellip;]<\/p>\n","protected":false},"author":2476,"featured_media":71984,"comment_status":"open","ping_status":"open","sticky":false,"template":"","format":"standard","meta":{"_jetpack_memberships_contains_paid_content":false,"footnotes":""},"categories":[2],"tags":[],"class_list":["post-71983","post","type-post","status-publish","format-standard","has-post-thumbnail","hentry","category-estado"],"jetpack_featured_media_url":"https:\/\/encuentroinformativo.com.mx\/wp-content\/uploads\/2025\/10\/IMG-20251015-WA0176.jpg","jetpack_sharing_enabled":true,"jetpack_likes_enabled":true,"amp_enabled":true,"_links":{"self":[{"href":"https:\/\/encuentroinformativo.com.mx\/index.php?rest_route=\/wp\/v2\/posts\/71983","targetHints":{"allow":["GET"]}}],"collection":[{"href":"https:\/\/encuentroinformativo.com.mx\/index.php?rest_route=\/wp\/v2\/posts"}],"about":[{"href":"https:\/\/encuentroinformativo.com.mx\/index.php?rest_route=\/wp\/v2\/types\/post"}],"author":[{"embeddable":true,"href":"https:\/\/encuentroinformativo.com.mx\/index.php?rest_route=\/wp\/v2\/users\/2476"}],"replies":[{"embeddable":true,"href":"https:\/\/encuentroinformativo.com.mx\/index.php?rest_route=%2Fwp%2Fv2%2Fcomments&post=71983"}],"version-history":[{"count":1,"href":"https:\/\/encuentroinformativo.com.mx\/index.php?rest_route=\/wp\/v2\/posts\/71983\/revisions"}],"predecessor-version":[{"id":71985,"href":"https:\/\/encuentroinformativo.com.mx\/index.php?rest_route=\/wp\/v2\/posts\/71983\/revisions\/71985"}],"wp:featuredmedia":[{"embeddable":true,"href":"https:\/\/encuentroinformativo.com.mx\/index.php?rest_route=\/wp\/v2\/media\/71984"}],"wp:attachment":[{"href":"https:\/\/encuentroinformativo.com.mx\/index.php?rest_route=%2Fwp%2Fv2%2Fmedia&parent=71983"}],"wp:term":[{"taxonomy":"category","embeddable":true,"href":"https:\/\/encuentroinformativo.com.mx\/index.php?rest_route=%2Fwp%2Fv2%2Fcategories&post=71983"},{"taxonomy":"post_tag","embeddable":true,"href":"https:\/\/encuentroinformativo.com.mx\/index.php?rest_route=%2Fwp%2Fv2%2Ftags&post=71983"}],"curies":[{"name":"wp","href":"https:\/\/api.w.org\/{rel}","templated":true}]}}