{"id":7199,"date":"2020-10-22T13:04:08","date_gmt":"2020-10-22T18:04:08","guid":{"rendered":"https:\/\/encuentroinformativo.com.mx\/?p=7199"},"modified":"2020-10-22T13:04:11","modified_gmt":"2020-10-22T18:04:11","slug":"sin-renuncias-en-ayuntamiento-de-veracruz-por-aspiraciones-politicas","status":"publish","type":"post","link":"https:\/\/encuentroinformativo.com.mx\/?p=7199","title":{"rendered":"Sin renuncias en Ayuntamiento de Veracruz por aspiraciones pol\u00edticas"},"content":{"rendered":"\n<p><strong>Alejandro \u00c1vila<\/strong><\/p>\n\n\n\n<p>Veracruz, Ver.- Ser\u00eda entre los meses de noviembre o diciembre cuando se pudieran presentar algunos cambios en el gabinete del Ayuntamiento de Veracruz, en caso de que algunos directores de \u00e1rea tengan aspiraciones pol\u00edticas de cara a la elecci\u00f3n en 2021.<\/p>\n\n\n\n<p>Hasta el momento, ninguno de ellos ha presentado su renuncia o le ha informado al alcalde Fernando Yunes M\u00e1rquez de su intenci\u00f3n de participar en el siguiente proceso electoral.<\/p>\n\n\n\n<p>&#8220;Todav\u00eda no, ni personal ni pol\u00edtico, todav\u00eda no hay ninguno que me haya dicho que quiera hacerlo, l\u00f3gicamente estar\u00e1n en su derecho de hacerlo los que as\u00ed lo deseen, y seguramente si fuera este el caso, para noviembre o diciembre probablemente alguno otro que quiera, insisto a aspirar a alguna posici\u00f3n pues tendr\u00e1 que pedir permiso no\u201d, apunt\u00f3 el edil.<\/p>\n\n\n\n<p>Hace unos d\u00edas se dio el cambio en la direcci\u00f3n de Educaci\u00f3n, donde fue relevada del cargo, Jacqueline Font Cano, aunque esta continuar\u00e1 ligada al Ayuntamiento de Veracruz en otra \u00e1rea, su lugar lo tom\u00f3 H\u00e9ctor Miguel Castillo Andrade, presunto operador pol\u00edtico del grupo panista de la familia Alvizar.<\/p>\n\n\n\n<p>En el Palacio Municipal se menciona que los cambios a fin de a\u00f1o se podr\u00edan dar en las direcciones de Desarrollo Social y Gobernaci\u00f3n, pues se dice que Gerardo Loya Romero y Gianfranco Melchor Robinson, aspiran y suspiran por la diputaci\u00f3n local y regidur\u00eda, respectivamente.<\/p>\n\n\n\n<p>La dirigencia estatal del PAN tendr\u00e1 que decidir en diciembre si va en alianza con otros partidos, y tendr\u00e1 como m\u00e1ximo el mes de febrero del 2021, para definir candidatos a las diputaciones federales, estatales, as\u00ed como alcald\u00edas y sus respectivas planillas.<\/p>\n","protected":false},"excerpt":{"rendered":"<p>Alejandro \u00c1vila Veracruz, Ver.- Ser\u00eda entre los meses de noviembre o diciembre cuando se pudieran presentar algunos cambios en el gabinete del Ayuntamiento de Veracruz, en caso de que algunos directores de \u00e1rea tengan aspiraciones pol\u00edticas de cara a la elecci\u00f3n en 2021. Hasta el momento, ninguno de ellos ha presentado su renuncia o le [&hellip;]<\/p>\n","protected":false},"author":1,"featured_media":7200,"comment_status":"open","ping_status":"open","sticky":false,"template":"","format":"standard","meta":{"_jetpack_memberships_contains_paid_content":false,"footnotes":""},"categories":[2],"tags":[],"class_list":["post-7199","post","type-post","status-publish","format-standard","has-post-thumbnail","hentry","category-estado"],"jetpack_featured_media_url":"https:\/\/encuentroinformativo.com.mx\/wp-content\/uploads\/2020\/10\/37DADF73-A9B3-41FE-A8DF-984EF009BD55.jpeg","jetpack_sharing_enabled":true,"jetpack_likes_enabled":true,"amp_enabled":true,"_links":{"self":[{"href":"https:\/\/encuentroinformativo.com.mx\/index.php?rest_route=\/wp\/v2\/posts\/7199","targetHints":{"allow":["GET"]}}],"collection":[{"href":"https:\/\/encuentroinformativo.com.mx\/index.php?rest_route=\/wp\/v2\/posts"}],"about":[{"href":"https:\/\/encuentroinformativo.com.mx\/index.php?rest_route=\/wp\/v2\/types\/post"}],"author":[{"embeddable":true,"href":"https:\/\/encuentroinformativo.com.mx\/index.php?rest_route=\/wp\/v2\/users\/1"}],"replies":[{"embeddable":true,"href":"https:\/\/encuentroinformativo.com.mx\/index.php?rest_route=%2Fwp%2Fv2%2Fcomments&post=7199"}],"version-history":[{"count":1,"href":"https:\/\/encuentroinformativo.com.mx\/index.php?rest_route=\/wp\/v2\/posts\/7199\/revisions"}],"predecessor-version":[{"id":7201,"href":"https:\/\/encuentroinformativo.com.mx\/index.php?rest_route=\/wp\/v2\/posts\/7199\/revisions\/7201"}],"wp:featuredmedia":[{"embeddable":true,"href":"https:\/\/encuentroinformativo.com.mx\/index.php?rest_route=\/wp\/v2\/media\/7200"}],"wp:attachment":[{"href":"https:\/\/encuentroinformativo.com.mx\/index.php?rest_route=%2Fwp%2Fv2%2Fmedia&parent=7199"}],"wp:term":[{"taxonomy":"category","embeddable":true,"href":"https:\/\/encuentroinformativo.com.mx\/index.php?rest_route=%2Fwp%2Fv2%2Fcategories&post=7199"},{"taxonomy":"post_tag","embeddable":true,"href":"https:\/\/encuentroinformativo.com.mx\/index.php?rest_route=%2Fwp%2Fv2%2Ftags&post=7199"}],"curies":[{"name":"wp","href":"https:\/\/api.w.org\/{rel}","templated":true}]}}