{"id":71990,"date":"2025-10-15T12:56:47","date_gmt":"2025-10-15T18:56:47","guid":{"rendered":"https:\/\/encuentroinformativo.com.mx\/?p=71990"},"modified":"2025-10-15T12:56:47","modified_gmt":"2025-10-15T18:56:47","slug":"cineastas-cubanas-estaran-en-veracruz-previo-a-su-participacion-en-festival-documental","status":"publish","type":"post","link":"https:\/\/encuentroinformativo.com.mx\/?p=71990","title":{"rendered":"Cineastas cubanas estar\u00e1n en Veracruz previo a su participaci\u00f3n en Festival Documental"},"content":{"rendered":"<p><strong>Alejandro \u00c1vila<\/strong><\/p>\n<p>Veracruz, Ver.- La Delegaci\u00f3n Caribe\u00f1a de Cineastas llega por primera vez a M\u00e9xico para participar en el Festival Internacional de Cine Documental de la Ciudad de M\u00e9xico (DocsMX), que se celebrar\u00e1 del 23 al 30 de octubre de 2025.<\/p>\n<p>Esta iniciativa surge como un esfuerzo colectivo para visibilizar y fortalecer las voces del Caribe y sus di\u00e1sporas, conectando territorios, narrativas y resistencias desde el cine independiente.<\/p>\n<p>La delegaci\u00f3n est\u00e1 integrada por las productoras Aileen Reyes Herrera (La Tumba y el Papalote) y Yamila Marrero Montero (Los Abuelos), reconocidas figuras del cine cubano contempor\u00e1neo, quienes llegan a M\u00e9xico el 18 de octubre para participar en las actividades profesionales del festival como parte de la Delegaci\u00f3n BIPOC EURODOC, junto a colegas de M\u00e9xico y Rep\u00fablica Dominicana.<\/p>\n<p>Durante su estancia, las cineastas ofrecer\u00e1n actividades formativas y de intercambio cultural entre el 20 y el 31 de octubre, incluyendo charlas, talleres, proyecciones comentadas y encuentros con estudiantes, cineastas y comunidades locales.<\/p>\n<p>El objetivo es compartir experiencias de producci\u00f3n y gesti\u00f3n cinematogr\u00e1fica en contextos insulares, impulsar colaboraciones regionales y fortalecer la red de cine independiente entre el Caribe y Am\u00e9rica Latina.<\/p>\n<p>En Xalapa y Veracruz, se llevar\u00e1 a cabo un encuentro especial entre el 20 y 23 de octubre, coordinado por Viviana Z\u00fa\u00f1iga, directora, productora y coordinadora de la Delegaci\u00f3n Caribe\u00f1a, quien destac\u00f3.<\/p>\n<p>\u201cEsta delegaci\u00f3n es un gesto de resistencia y solidaridad. Queremos que las cineastas caribe\u00f1as puedan dialogar con el p\u00fablico veracruzano, compartir sus procesos y abrir nuevas rutas de colaboraci\u00f3n\u201d.<\/p>\n","protected":false},"excerpt":{"rendered":"<p>Alejandro \u00c1vila Veracruz, Ver.- La Delegaci\u00f3n Caribe\u00f1a de Cineastas llega por primera vez a M\u00e9xico para participar en el Festival Internacional de Cine Documental de la Ciudad de M\u00e9xico (DocsMX), que se celebrar\u00e1 del 23 al 30 de octubre de 2025. Esta iniciativa surge como un esfuerzo colectivo para visibilizar y fortalecer las voces del [&hellip;]<\/p>\n","protected":false},"author":2476,"featured_media":71991,"comment_status":"open","ping_status":"open","sticky":false,"template":"","format":"standard","meta":{"_jetpack_memberships_contains_paid_content":false,"footnotes":""},"categories":[2],"tags":[],"class_list":["post-71990","post","type-post","status-publish","format-standard","has-post-thumbnail","hentry","category-estado"],"jetpack_featured_media_url":"https:\/\/encuentroinformativo.com.mx\/wp-content\/uploads\/2025\/10\/IMG-20251015-WA0231.jpg","jetpack_sharing_enabled":true,"jetpack_likes_enabled":true,"amp_enabled":true,"_links":{"self":[{"href":"https:\/\/encuentroinformativo.com.mx\/index.php?rest_route=\/wp\/v2\/posts\/71990","targetHints":{"allow":["GET"]}}],"collection":[{"href":"https:\/\/encuentroinformativo.com.mx\/index.php?rest_route=\/wp\/v2\/posts"}],"about":[{"href":"https:\/\/encuentroinformativo.com.mx\/index.php?rest_route=\/wp\/v2\/types\/post"}],"author":[{"embeddable":true,"href":"https:\/\/encuentroinformativo.com.mx\/index.php?rest_route=\/wp\/v2\/users\/2476"}],"replies":[{"embeddable":true,"href":"https:\/\/encuentroinformativo.com.mx\/index.php?rest_route=%2Fwp%2Fv2%2Fcomments&post=71990"}],"version-history":[{"count":1,"href":"https:\/\/encuentroinformativo.com.mx\/index.php?rest_route=\/wp\/v2\/posts\/71990\/revisions"}],"predecessor-version":[{"id":71992,"href":"https:\/\/encuentroinformativo.com.mx\/index.php?rest_route=\/wp\/v2\/posts\/71990\/revisions\/71992"}],"wp:featuredmedia":[{"embeddable":true,"href":"https:\/\/encuentroinformativo.com.mx\/index.php?rest_route=\/wp\/v2\/media\/71991"}],"wp:attachment":[{"href":"https:\/\/encuentroinformativo.com.mx\/index.php?rest_route=%2Fwp%2Fv2%2Fmedia&parent=71990"}],"wp:term":[{"taxonomy":"category","embeddable":true,"href":"https:\/\/encuentroinformativo.com.mx\/index.php?rest_route=%2Fwp%2Fv2%2Fcategories&post=71990"},{"taxonomy":"post_tag","embeddable":true,"href":"https:\/\/encuentroinformativo.com.mx\/index.php?rest_route=%2Fwp%2Fv2%2Ftags&post=71990"}],"curies":[{"name":"wp","href":"https:\/\/api.w.org\/{rel}","templated":true}]}}