{"id":71993,"date":"2025-10-15T13:05:24","date_gmt":"2025-10-15T19:05:24","guid":{"rendered":"https:\/\/encuentroinformativo.com.mx\/?p=71993"},"modified":"2025-10-15T13:05:24","modified_gmt":"2025-10-15T19:05:24","slug":"alistan-feria-artesanal-y-de-todos-santos-en-xico","status":"publish","type":"post","link":"https:\/\/encuentroinformativo.com.mx\/?p=71993","title":{"rendered":"Alistan Feria Artesanal y de Todos Santos en Xico"},"content":{"rendered":"<p><strong>Dar\u00edo Pale<\/strong><\/p>\n<p>Xalapa, Ver.- Con la participaci\u00f3n de m\u00e1s de 30 expositores, entre artesanos y cocineras tradicionales, el Ayuntamiento de Xico anunci\u00f3 la realizaci\u00f3n de la Feria Artesanal y de Todos Santos 2025, que se llevar\u00e1 a cabo del 31 de octubre al 2 de noviembre en el Parque Independencia, a un costado de la iglesia de Santa Mar\u00eda Magdalena.<\/p>\n<p>En conferencia de prensa, Javier Izaguirre Mart\u00ednez, director de Desarrollo Econ\u00f3mico, y Amari, director de Educaci\u00f3n, Cultura y Deportes, informaron que este evento busca fortalecer la econom\u00eda local y preservar las tradiciones xique\u00f1as durante las festividades de D\u00eda de Muertos.<\/p>\n<p>Durante los tres d\u00edas, los asistentes podr\u00e1n disfrutar de una amplia muestra artesanal y gastron\u00f3mica t\u00edpica de la temporada. \u201cVamos a tener artesanos y cocineras tradicionales que ofrecer\u00e1n pan de muerto, tamales, atole y toda la gastronom\u00eda que caracteriza a estas fechas\u201d, destac\u00f3 Izaguirre Mart\u00ednez.<\/p>\n<p>Adem\u00e1s, de manera simult\u00e1nea, se montar\u00e1 un altar de muertos tradicional en el Centro Cultural Casa Quemada, espacio donde se rendir\u00e1 homenaje a las costumbres del pueblo.<\/p>\n<p>El festival contar\u00e1 con un variado programa cultural en el Parque Independencia. El 31 de octubre se realizar\u00e1 un desfile de catrinas y representaciones de leyendas por la avenida Miguel Hidalgo.<\/p>\n<p>El 1 de noviembre, a partir de las 18:00 horas, se presentar\u00e1n el Ballet Iscali, el grupo Son de mi Tierra y el d\u00fao Son de Noche.<\/p>\n<p>Mientras que el 2 de noviembre, tambi\u00e9n desde las 18:00 horas, se contar\u00e1 con la participaci\u00f3n del Ballet Casa de la Cultura de Teocelo, el tr\u00edo Los Tres de Coatepec y, para cerrar, el grupo musical CEME 5.<\/p>\n<p>Los organizadores estiman la llegada de m\u00e1s de 2 mil visitantes durante los tres d\u00edas de actividades, lo que podr\u00eda generar una derrama econ\u00f3mica de entre 500 y 600 mil pesos.<\/p>\n<p>\u201cEn Xico tenemos una alta ocupaci\u00f3n este mes por el turismo de romance, especialmente por las bodas, y este evento se suma como un atractivo m\u00e1s para quienes nos visitan\u201d, se\u00f1al\u00f3 el director de Desarrollo Econ\u00f3mico.<\/p>\n<p>Asimismo, destac\u00f3 que el ayuntamiento apoyar\u00e1 a los participantes con la instalaci\u00f3n de carpas, mobiliario y un \u00e1rea de comensales, con un costo de recuperaci\u00f3n muy bajo para los expositores.<\/p>\n<p>En cuanto a las condiciones meteorol\u00f3gicas, los organizadores aseguraron que el evento no se suspender\u00e1 en caso de lluvias, ya que el pabell\u00f3n estar\u00e1 completamente techado.<\/p>\n<p>Por \u00faltimo coment\u00f3 que, con esta feria, el municipio de Xico busca mantener viva su identidad cultural y ofrecer a locales y visitantes un espacio para disfrutar de sus tradiciones, m\u00fasica y sabores en honor a los fieles difuntos.<\/p>\n","protected":false},"excerpt":{"rendered":"<p>Dar\u00edo Pale Xalapa, Ver.- Con la participaci\u00f3n de m\u00e1s de 30 expositores, entre artesanos y cocineras tradicionales, el Ayuntamiento de Xico anunci\u00f3 la realizaci\u00f3n de la Feria Artesanal y de Todos Santos 2025, que se llevar\u00e1 a cabo del 31 de octubre al 2 de noviembre en el Parque Independencia, a un costado de la [&hellip;]<\/p>\n","protected":false},"author":2476,"featured_media":71994,"comment_status":"open","ping_status":"open","sticky":false,"template":"","format":"standard","meta":{"_jetpack_memberships_contains_paid_content":false,"footnotes":""},"categories":[8],"tags":[],"class_list":["post-71993","post","type-post","status-publish","format-standard","has-post-thumbnail","hentry","category-region"],"jetpack_featured_media_url":"https:\/\/encuentroinformativo.com.mx\/wp-content\/uploads\/2025\/10\/IMG-20251015-WA02052.jpg","jetpack_sharing_enabled":true,"jetpack_likes_enabled":true,"amp_enabled":true,"_links":{"self":[{"href":"https:\/\/encuentroinformativo.com.mx\/index.php?rest_route=\/wp\/v2\/posts\/71993","targetHints":{"allow":["GET"]}}],"collection":[{"href":"https:\/\/encuentroinformativo.com.mx\/index.php?rest_route=\/wp\/v2\/posts"}],"about":[{"href":"https:\/\/encuentroinformativo.com.mx\/index.php?rest_route=\/wp\/v2\/types\/post"}],"author":[{"embeddable":true,"href":"https:\/\/encuentroinformativo.com.mx\/index.php?rest_route=\/wp\/v2\/users\/2476"}],"replies":[{"embeddable":true,"href":"https:\/\/encuentroinformativo.com.mx\/index.php?rest_route=%2Fwp%2Fv2%2Fcomments&post=71993"}],"version-history":[{"count":1,"href":"https:\/\/encuentroinformativo.com.mx\/index.php?rest_route=\/wp\/v2\/posts\/71993\/revisions"}],"predecessor-version":[{"id":71995,"href":"https:\/\/encuentroinformativo.com.mx\/index.php?rest_route=\/wp\/v2\/posts\/71993\/revisions\/71995"}],"wp:featuredmedia":[{"embeddable":true,"href":"https:\/\/encuentroinformativo.com.mx\/index.php?rest_route=\/wp\/v2\/media\/71994"}],"wp:attachment":[{"href":"https:\/\/encuentroinformativo.com.mx\/index.php?rest_route=%2Fwp%2Fv2%2Fmedia&parent=71993"}],"wp:term":[{"taxonomy":"category","embeddable":true,"href":"https:\/\/encuentroinformativo.com.mx\/index.php?rest_route=%2Fwp%2Fv2%2Fcategories&post=71993"},{"taxonomy":"post_tag","embeddable":true,"href":"https:\/\/encuentroinformativo.com.mx\/index.php?rest_route=%2Fwp%2Fv2%2Ftags&post=71993"}],"curies":[{"name":"wp","href":"https:\/\/api.w.org\/{rel}","templated":true}]}}